{"id":58437,"date":"2023-05-04T10:41:09","date_gmt":"2023-05-04T13:41:09","guid":{"rendered":"https:\/\/corrientesdetarde.com\/?p=58437"},"modified":"2023-05-04T10:41:14","modified_gmt":"2023-05-04T13:41:14","slug":"el-coprodis-participo-de-caminata-e-inauguracion-de-nueva-sede-de-fundacion-por-un-autismo-sin-barreras","status":"publish","type":"post","link":"https:\/\/corrientesdetarde.com\/index.php\/sociales\/el-coprodis-participo-de-caminata-e-inauguracion-de-nueva-sede-de-fundacion-por-un-autismo-sin-barreras\/","title":{"rendered":"El COPRODIS particip\u00f3 de caminata e inauguraci\u00f3n de nueva sede de Fundaci\u00f3n &#8220;Por un Autismo sin Barreras&#8221;"},"content":{"rendered":"\n<p>Como cierre del&nbsp;mes de concientizaci\u00f3n sobre el autismo bajo el nombre Marea Azul donde participaron instituciones, ONG&#8217;s, escuelas comunes, familias y funcionarios de la localidad&nbsp;se realizaron actividades en Monte Caseros.<\/p>\n\n\n\n<p>El Ministerio de Desarrollo Social de la provincia en apoyo siempre a las instituciones que brindan servicio a las personas con discapacidad, a trav\u00e9s del COPRODIS estuvo presente en las actividades programadas para concientizar sobre el autismo.<\/p>\n\n\n\n<p>La directora del COPRODIS, Roxana Tannuri, acompa\u00f1\u00f3 a la directora de Discapacidad de Monte Caseros, Laura Viera, en la caminata que se llev\u00f3 a cabo en el marco del mes de concientizaci\u00f3n sobre el autismo.<\/p>\n\n\n\n<figure class=\"wp-block-image size-large\"><img loading=\"lazy\" decoding=\"async\" width=\"1024\" height=\"618\" src=\"https:\/\/corrientesdetarde.com\/wp-content\/uploads\/2023\/05\/Captura-de-pantalla-2023-05-04-104019-1024x618.png\" alt=\"\" class=\"wp-image-58452\" srcset=\"https:\/\/corrientesdetarde.com\/wp-content\/uploads\/2023\/05\/Captura-de-pantalla-2023-05-04-104019-1024x618.png 1024w, https:\/\/corrientesdetarde.com\/wp-content\/uploads\/2023\/05\/Captura-de-pantalla-2023-05-04-104019-300x181.png 300w, https:\/\/corrientesdetarde.com\/wp-content\/uploads\/2023\/05\/Captura-de-pantalla-2023-05-04-104019-768x464.png 768w, https:\/\/corrientesdetarde.com\/wp-content\/uploads\/2023\/05\/Captura-de-pantalla-2023-05-04-104019.png 1060w\" sizes=\"auto, (max-width: 1024px) 100vw, 1024px\" \/><\/figure>\n\n\n\n<p>Dentro del mismo marco la directora del COPRODIS el d\u00eda domingo 30 particip\u00f3 en la inauguraci\u00f3n de la nueva sede de la Fundaci\u00f3n Por un Autismo sin Barreras de Monte Caseros, donde se realiz\u00f3 el respectivo corte de cintas.<\/p>\n","protected":false},"excerpt":{"rendered":"<p>Como cierre del&nbsp;mes de concientizaci\u00f3n sobre el autismo bajo el nombre Marea Azul donde participaron instituciones, ONG&#8217;s, escuelas comunes, familias y funcionarios de la localidad&nbsp;se realizaron actividades en Monte Caseros.&hellip; <\/p>\n","protected":false},"author":4,"featured_media":58453,"comment_status":"closed","ping_status":"open","sticky":false,"template":"","format":"standard","meta":{"footnotes":""},"categories":[17],"tags":[],"class_list":["post-58437","post","type-post","status-publish","format-standard","has-post-thumbnail","hentry","category-sociales"],"_links":{"self":[{"href":"https:\/\/corrientesdetarde.com\/index.php\/wp-json\/wp\/v2\/posts\/58437","targetHints":{"allow":["GET"]}}],"collection":[{"href":"https:\/\/corrientesdetarde.com\/index.php\/wp-json\/wp\/v2\/posts"}],"about":[{"href":"https:\/\/corrientesdetarde.com\/index.php\/wp-json\/wp\/v2\/types\/post"}],"author":[{"embeddable":true,"href":"https:\/\/corrientesdetarde.com\/index.php\/wp-json\/wp\/v2\/users\/4"}],"replies":[{"embeddable":true,"href":"https:\/\/corrientesdetarde.com\/index.php\/wp-json\/wp\/v2\/comments?post=58437"}],"version-history":[{"count":1,"href":"https:\/\/corrientesdetarde.com\/index.php\/wp-json\/wp\/v2\/posts\/58437\/revisions"}],"predecessor-version":[{"id":58454,"href":"https:\/\/corrientesdetarde.com\/index.php\/wp-json\/wp\/v2\/posts\/58437\/revisions\/58454"}],"wp:featuredmedia":[{"embeddable":true,"href":"https:\/\/corrientesdetarde.com\/index.php\/wp-json\/wp\/v2\/media\/58453"}],"wp:attachment":[{"href":"https:\/\/corrientesdetarde.com\/index.php\/wp-json\/wp\/v2\/media?parent=58437"}],"wp:term":[{"taxonomy":"category","embeddable":true,"href":"https:\/\/corrientesdetarde.com\/index.php\/wp-json\/wp\/v2\/categories?post=58437"},{"taxonomy":"post_tag","embeddable":true,"href":"https:\/\/corrientesdetarde.com\/index.php\/wp-json\/wp\/v2\/tags?post=58437"}],"curies":[{"name":"wp","href":"https:\/\/api.w.org\/{rel}","templated":true}]}}