{"id":58448,"date":"2023-05-04T10:38:09","date_gmt":"2023-05-04T13:38:09","guid":{"rendered":"https:\/\/corrientesdetarde.com\/?p=58448"},"modified":"2023-05-04T10:38:31","modified_gmt":"2023-05-04T13:38:31","slug":"prefectura-decomiso-mas-de-250-kilos-de-pescado-en-diferentes-procedimientos-contra-la-pesca-ilegal","status":"publish","type":"post","link":"https:\/\/corrientesdetarde.com\/index.php\/policiales\/prefectura-decomiso-mas-de-250-kilos-de-pescado-en-diferentes-procedimientos-contra-la-pesca-ilegal\/","title":{"rendered":"Prefectura decomis\u00f3 m\u00e1s de 250 kilos de pescado en diferentes procedimientos\u00a0contra la Pesca ilegal"},"content":{"rendered":"\n<p>Lo secuestrado asciende a los 54 millones de pesos.<\/p>\n\n\n\n<p>Durante la segunda quincena de marzo, la Prefectura realiz\u00f3 39 procedimientos e incaut\u00f3 m\u00e1s de 6.700 metros de redes de pesca y m\u00e1s de 250 kilos de especies.<\/p>\n\n\n\n<p>Seg\u00fan indicaron, algunos de los patrullajes en las aguas se coordinan con autoridades provinciales que permiten controlar la pesca y verificar el cumplimiento de la normativa vigente en la materia.<\/p>\n\n\n\n<figure class=\"wp-block-image\"><img decoding=\"async\" src=\"https:\/\/www.lt7noticias.com\/content\/bucket\/9\/46379w380h214c.jpg.webp\" alt=\"\"\/><\/figure>\n\n\n\n<p>Adem\u00e1s, se secuestraron embarcaciones, anzuelos, reels, ca\u00f1as de pesca, plomadas y trampas centolleras. El valor total de lo decomisado asciende a m\u00e1s de 54 millones de pesos.<\/p>\n","protected":false},"excerpt":{"rendered":"<p>Lo secuestrado asciende a los 54 millones de pesos. Durante la segunda quincena de marzo, la Prefectura realiz\u00f3 39 procedimientos e incaut\u00f3 m\u00e1s de 6.700 metros de redes de pesca&hellip; <\/p>\n","protected":false},"author":4,"featured_media":58449,"comment_status":"closed","ping_status":"open","sticky":false,"template":"","format":"standard","meta":{"footnotes":""},"categories":[33],"tags":[],"class_list":["post-58448","post","type-post","status-publish","format-standard","has-post-thumbnail","hentry","category-policiales"],"_links":{"self":[{"href":"https:\/\/corrientesdetarde.com\/index.php\/wp-json\/wp\/v2\/posts\/58448","targetHints":{"allow":["GET"]}}],"collection":[{"href":"https:\/\/corrientesdetarde.com\/index.php\/wp-json\/wp\/v2\/posts"}],"about":[{"href":"https:\/\/corrientesdetarde.com\/index.php\/wp-json\/wp\/v2\/types\/post"}],"author":[{"embeddable":true,"href":"https:\/\/corrientesdetarde.com\/index.php\/wp-json\/wp\/v2\/users\/4"}],"replies":[{"embeddable":true,"href":"https:\/\/corrientesdetarde.com\/index.php\/wp-json\/wp\/v2\/comments?post=58448"}],"version-history":[{"count":1,"href":"https:\/\/corrientesdetarde.com\/index.php\/wp-json\/wp\/v2\/posts\/58448\/revisions"}],"predecessor-version":[{"id":58450,"href":"https:\/\/corrientesdetarde.com\/index.php\/wp-json\/wp\/v2\/posts\/58448\/revisions\/58450"}],"wp:featuredmedia":[{"embeddable":true,"href":"https:\/\/corrientesdetarde.com\/index.php\/wp-json\/wp\/v2\/media\/58449"}],"wp:attachment":[{"href":"https:\/\/corrientesdetarde.com\/index.php\/wp-json\/wp\/v2\/media?parent=58448"}],"wp:term":[{"taxonomy":"category","embeddable":true,"href":"https:\/\/corrientesdetarde.com\/index.php\/wp-json\/wp\/v2\/categories?post=58448"},{"taxonomy":"post_tag","embeddable":true,"href":"https:\/\/corrientesdetarde.com\/index.php\/wp-json\/wp\/v2\/tags?post=58448"}],"curies":[{"name":"wp","href":"https:\/\/api.w.org\/{rel}","templated":true}]}}