{"id":58592,"date":"2023-05-04T18:19:23","date_gmt":"2023-05-04T21:19:23","guid":{"rendered":"https:\/\/corrientesdetarde.com\/?p=58592"},"modified":"2023-05-04T18:19:37","modified_gmt":"2023-05-04T21:19:37","slug":"en-medio-de-la-interna-del-pro-macri-se-reencontro-con-emilio-monzo-para-trabajar-en-la-unidad-de-jxc","status":"publish","type":"post","link":"https:\/\/corrientesdetarde.com\/index.php\/politica\/en-medio-de-la-interna-del-pro-macri-se-reencontro-con-emilio-monzo-para-trabajar-en-la-unidad-de-jxc\/","title":{"rendered":"En medio de la interna del PRO, Macri se reencontr\u00f3 con Emilio Monz\u00f3 para trabajar en la unidad de JxC"},"content":{"rendered":"\n<p>Es la primera vez que se vieron desde 2019. A\u00fan se desconoce cu\u00e1l ser\u00e1 el rol del extitular de la C\u00e1mara de Diputados en el armado electoral. \u201cTanto Bullrich como Larreta le ofrecieron el rol de armador, pero no quiere tener ese rol. Habla con ambos, pero no trabaja para ninguno\u201d, dijeron en su entorno.<\/p>\n\n\n\n<p>No es ninguna novedad que\u00a0<strong>Juntos por el Cambio<\/strong>\u00a0transita horas de nerviosismo e incertidumbre por la falta de definiciones electorales. La interna nacional polarizada hoy entre el jefe de Gobierno porte\u00f1o,\u00a0<strong>Horacio Rodr\u00edguez Larreta<\/strong>\u00a0y la exministra de Seguridad de la Naci\u00f3n, Patricia Bullrich, contin\u00faa Mar\u00eda Eugenia Vidal tom\u00f3 la decisi\u00f3n de bajar su precandidatura presidencial\u00a0para descomprimir la tensi\u00f3n, algo que ya hab\u00eda hecho\u00a0<strong>Mauricio Macri<\/strong>\u00a0tiempo atr\u00e1s.<\/p>\n\n\n\n<p>Precisamente, el expresidente mantuvo un encuentro que sorprendi\u00f3 a propios y ajenos. Se reuni\u00f3 con\u00a0<strong>Emilio Monz\u00f3,\u00a0<\/strong>quien fue un socio clave durante su mandato desde la C\u00e1mara de Diputados. El fundador del PRO y el actual legislador nacional no se ve\u00edan a solas ni hablaban desde fines de 2019, es decir, cuando termin\u00f3 la gesti\u00f3n de Cambiemos.<\/p>\n\n\n\n<p>Seg\u00fan se pudo saber\u00a0, se encontraron el viernes pasado, por la tarde, en la casa del exministro de Trabajo, Jorge Triaca, donde se encontr\u00f3 la mesa nacional de Juntos por el Cambio ampliada, que reuni\u00f3 el mismo d\u00eda, a la ma\u00f1ana, a los m\u00e1ximos referentes de la alianza opositora. \u201cHablaron de c\u00f3mo ven el escenario de cara a las elecciones y la situaci\u00f3n del pa\u00eds.<strong>\u00a0Coincidieron en la importancia de trabajar por la unidad de JxC\u201d<\/strong>, confiaron desde el entorno de Monz\u00f3 a este medio.<\/p>\n\n\n\n<p>\u201cTrabajaron juntos en armar Cambiemos, Macri le dio esa tarea a Emilio en 2011, cuando lo eligi\u00f3 como jefe de campa\u00f1a. Era natural que volviera a darse el encuentro\u201d, resaltaron desde las filas del extitular de la C\u00e1mara baja. \u201cEmilio est\u00e1 realmente preocupado y ocupado en trabajar por la unidad de JxC. Cree que\u00a0<strong>eso es m\u00e1s importante que cualquier nombre propio\u201d<\/strong>, agregaron.<\/p>\n\n\n\n<p>Tambi\u00e9n puede decirse que tras casi 3 a\u00f1os y medio de silencio entre ellos, los uni\u00f3 el espanto. \u201cAmbos est\u00e1n preocupados por la situaci\u00f3n del pa\u00eds y por el rol de Juntos por el Cambio ahora y para lo que se viene, en caso de que toque volver a gobernar\u201d, manifestaron cerca de Monz\u00f3.<\/p>\n\n\n\n<p>Lo que no est\u00e1 del todo claro es cu\u00e1l ser\u00e1 el rol de Monz\u00f3 de ac\u00e1 en m\u00e1s y de cara a las PASO. \u201cTanto Bullrich como Larreta le ofrecieron el rol de armador, pero no quiere tener ese rol.&nbsp;<strong>Habla con ambos, pero no trabaja para ninguno\u201d,&nbsp;<\/strong>aclararon ante los rumores de que era jugador clave en la campa\u00f1a de los \u201chalcones\u201d. Y sentenciaron: \u201cEntiende que hoy puede aportar como mediador en la interna del espacio, trabaja por la unidad, y para&nbsp;<strong>tender puentes con el peronismo, como hizo siempre\u201d.<\/strong><\/p>\n\n\n\n<p>Es preciso recordar que la \u00faltima incursi\u00f3n de Monz\u00f3 en un per\u00edodo electoral fue clave en la provincia de Buenos Aires. Parad\u00f3jicamente, no jug\u00f3 para el PRO, sino que lo hizo para el radicalismo, en particular para Facundo Manes. Fue uno de los impulsores de la candidatura del neurocient\u00edfico como diputado nacional por la provincia de Buenos Aires, que si bien no gan\u00f3 la interna a<strong>&nbsp;Diego Santilli<\/strong>, aport\u00f3 un caudal de votos vital para ganarle al Frente de Todos en las generales.<\/p>\n\n\n\n<p>Tambi\u00e9n fue art\u00edfice de otras jugadas en territorio bonaerense, como aquella que lider\u00f3 dos semanas antes de las PASO en la Sexta secci\u00f3n, donde impuls\u00f3 la candidatura de un reconocido locutor y periodista bahiense&nbsp;<strong>Lorenzo Natali<\/strong>, a diputado provincial por la UCR. Finalmente, Natali se impuso en la interna frente al candidato del PRO y hoy es uno de los nombres en danza para la intendencia de Bah\u00eda Blanca.<\/p>\n","protected":false},"excerpt":{"rendered":"<p>Es la primera vez que se vieron desde 2019. A\u00fan se desconoce cu\u00e1l ser\u00e1 el rol del extitular de la C\u00e1mara de Diputados en el armado electoral. \u201cTanto Bullrich como&hellip; <\/p>\n","protected":false},"author":8,"featured_media":58593,"comment_status":"closed","ping_status":"open","sticky":false,"template":"","format":"standard","meta":{"footnotes":""},"categories":[3],"tags":[],"class_list":["post-58592","post","type-post","status-publish","format-standard","has-post-thumbnail","hentry","category-politica"],"_links":{"self":[{"href":"https:\/\/corrientesdetarde.com\/index.php\/wp-json\/wp\/v2\/posts\/58592","targetHints":{"allow":["GET"]}}],"collection":[{"href":"https:\/\/corrientesdetarde.com\/index.php\/wp-json\/wp\/v2\/posts"}],"about":[{"href":"https:\/\/corrientesdetarde.com\/index.php\/wp-json\/wp\/v2\/types\/post"}],"author":[{"embeddable":true,"href":"https:\/\/corrientesdetarde.com\/index.php\/wp-json\/wp\/v2\/users\/8"}],"replies":[{"embeddable":true,"href":"https:\/\/corrientesdetarde.com\/index.php\/wp-json\/wp\/v2\/comments?post=58592"}],"version-history":[{"count":1,"href":"https:\/\/corrientesdetarde.com\/index.php\/wp-json\/wp\/v2\/posts\/58592\/revisions"}],"predecessor-version":[{"id":58595,"href":"https:\/\/corrientesdetarde.com\/index.php\/wp-json\/wp\/v2\/posts\/58592\/revisions\/58595"}],"wp:featuredmedia":[{"embeddable":true,"href":"https:\/\/corrientesdetarde.com\/index.php\/wp-json\/wp\/v2\/media\/58593"}],"wp:attachment":[{"href":"https:\/\/corrientesdetarde.com\/index.php\/wp-json\/wp\/v2\/media?parent=58592"}],"wp:term":[{"taxonomy":"category","embeddable":true,"href":"https:\/\/corrientesdetarde.com\/index.php\/wp-json\/wp\/v2\/categories?post=58592"},{"taxonomy":"post_tag","embeddable":true,"href":"https:\/\/corrientesdetarde.com\/index.php\/wp-json\/wp\/v2\/tags?post=58592"}],"curies":[{"name":"wp","href":"https:\/\/api.w.org\/{rel}","templated":true}]}}