{"id":58596,"date":"2023-05-04T18:36:14","date_gmt":"2023-05-04T21:36:14","guid":{"rendered":"https:\/\/corrientesdetarde.com\/?p=58596"},"modified":"2023-05-04T18:36:36","modified_gmt":"2023-05-04T21:36:36","slug":"asi-sera-la-coronacion-de-carlos-iii-invitados-y-grandes-ausentes","status":"publish","type":"post","link":"https:\/\/corrientesdetarde.com\/index.php\/sociales\/asi-sera-la-coronacion-de-carlos-iii-invitados-y-grandes-ausentes\/","title":{"rendered":"As\u00ed ser\u00e1 la coronaci\u00f3n de Carlos III: invitados y grandes ausentes"},"content":{"rendered":"\n<p>El rey Carlos III del Reino Unido ser\u00e1 coronado en una ceremonia este s\u00e1bado con gran despliegue y fuertes medidas de seguridad.<\/p>\n\n\n\n<p><strong>Carlos III<\/strong>&nbsp;ser\u00e1 coronado este&nbsp;<strong>s\u00e1bado&nbsp;<\/strong>como&nbsp;<strong>el rey del Reino Unido&nbsp;<\/strong>en una ceremonia en la que participar\u00e1n m\u00e1s de dos mil invitados, entre l\u00edderes pol\u00edticos, representantes de la sociedad civil y de diversas familias reales. El evento marcar\u00e1 la transferencia de su t\u00edtulo y poderes despu\u00e9s de&nbsp;<strong>la muerte de la reina Isabel II<\/strong>&nbsp;en septiembre, tras siete d\u00e9cadas de reinado.<\/p>\n\n\n\n<h2 class=\"wp-block-heading\">Coronaci\u00f3n de Carlos III: los detalles de la ceremonia y los festejos<\/h2>\n\n\n\n<p>La ceremonia, que formalizar\u00e1 tambi\u00e9n el papel del\u00a0<strong>Carlos III\u00a0<\/strong>como\u00a0<strong>cabeza de la Iglesia de Inglaterra<\/strong>, se celebrar\u00e1\u00a0<strong>a las 7 (hora argentina)\u00a0<\/strong>y habr\u00e1\u00a0<strong>un desfile desde el Palacio de Buckingham hasta la Abad\u00eda de Westminster.<\/strong><\/p>\n\n\n\n<p>Se espera que decenas de miles de personas colmen el&nbsp;<strong>Mall<\/strong>, la gran avenida que parte del Palacio, por la que circular\u00e1<strong>&nbsp;la carroza real que transportar\u00e1 a Carlos III&nbsp;<\/strong>junto a<strong>&nbsp;Camila Parker Bowles<\/strong>.<\/p>\n\n\n\n<p>En tanto, despu\u00e9s de a\u00f1os de controversia y cr\u00edticas por su relaci\u00f3n con Carlos y su papel en la familia real brit\u00e1nica tras<strong>&nbsp;la muerte de Lady Di,<\/strong>&nbsp;Camila Parker Bowles ser\u00e1 coronada como reina consorte&nbsp;en una ceremonia separada al t\u00e9rmino de la coronaci\u00f3n de su esposo.<\/p>\n\n\n\n<figure class=\"wp-block-image size-full\"><img loading=\"lazy\" decoding=\"async\" width=\"610\" height=\"457\" src=\"https:\/\/corrientesdetarde.com\/wp-content\/uploads\/2023\/05\/image-108.png\" alt=\"\" class=\"wp-image-58597\" srcset=\"https:\/\/corrientesdetarde.com\/wp-content\/uploads\/2023\/05\/image-108.png 610w, https:\/\/corrientesdetarde.com\/wp-content\/uploads\/2023\/05\/image-108-300x225.png 300w\" sizes=\"auto, (max-width: 610px) 100vw, 610px\" \/><\/figure>\n\n\n\n<p>Despu\u00e9s de la ceremonia, habr\u00e1&nbsp;<strong>un banquete en el Palacio de Buckingham&nbsp;<\/strong>para celebrar la coronaci\u00f3n del nuevo monarca con comidas tradicionales brit\u00e1nicas.<\/p>\n\n\n\n<p><strong>Carlos y Camila&nbsp;<\/strong>eligieron personalmente la receta de la tarta que se servir\u00e1:&nbsp;<strong>una quiche de espinacas, aluvias y estrag\u00f3n.<\/strong><\/p>\n\n\n\n<p>La ciudad de Londres ser\u00e1 escenario adem\u00e1s de una serie de eventos p\u00fablicos programados para conmemorar el hist\u00f3rico evento durante tres d\u00edas, entre ellos el&nbsp;<strong>Gran Almuerzo de la Coronaci\u00f3n<\/strong>, que se replicar\u00e1 en todo el pa\u00eds, y<strong>&nbsp;un concierto en el Castillo de Windsor,<\/strong>&nbsp;en el que actuar\u00e1n grandes artistas como<strong>&nbsp;Katy Perry, Take That y Lionel Richie,&nbsp;<\/strong>ambos el domingo.<\/p>\n\n\n\n<figure class=\"wp-block-image size-full\"><img loading=\"lazy\" decoding=\"async\" width=\"610\" height=\"438\" src=\"https:\/\/corrientesdetarde.com\/wp-content\/uploads\/2023\/05\/image-109.png\" alt=\"\" class=\"wp-image-58598\" srcset=\"https:\/\/corrientesdetarde.com\/wp-content\/uploads\/2023\/05\/image-109.png 610w, https:\/\/corrientesdetarde.com\/wp-content\/uploads\/2023\/05\/image-109-300x215.png 300w\" sizes=\"auto, (max-width: 610px) 100vw, 610px\" \/><\/figure>\n\n\n\n<p>Adem\u00e1s, se espera que&nbsp;<strong>m\u00e1s de 100.000 persona<\/strong>s asistan a las&nbsp;<strong>proyecciones en vivo del evento en 57 sitios del Reino Unido.<\/strong><\/p>\n\n\n\n<p>Habr\u00e1&nbsp;<strong>espect\u00e1culos&nbsp;<\/strong>y&nbsp;<strong>desfiles&nbsp;<\/strong>en ciudades y pueblos de todo el Reino Unido, as\u00ed como&nbsp;<strong>fiestas callejeras y proyectos de voluntariado<\/strong>&nbsp;en las comunidades locales.<\/p>\n\n\n\n<p>Tambi\u00e9n se llevar\u00e1 a cabo&nbsp;<strong>un espect\u00e1culo inmersivo de luz y sonido&nbsp;<\/strong>que muestra las joyas de la corona en lugares ic\u00f3nicos del Reino Unido, que recorrer\u00e1 el pa\u00eds como parte de los planes para contar la historia de las coronaciones a miles de personas.<\/p>\n\n\n\n<h2 class=\"wp-block-heading\">Coronaci\u00f3n de Carlos III: invitados y ausentes<\/h2>\n\n\n\n<p>El pr\u00edncipe&nbsp;<strong>Guillermo<\/strong>, heredero al trono, estar\u00e1 junto a su familia, mientras que&nbsp;<strong>Harry asistir\u00e1 sin su esposa Meghan Markle<\/strong>, quien se quedar\u00e1 en California con sus hijos.<\/p>\n\n\n\n<figure class=\"wp-block-image size-full\"><img loading=\"lazy\" decoding=\"async\" width=\"610\" height=\"406\" src=\"https:\/\/corrientesdetarde.com\/wp-content\/uploads\/2023\/05\/image-110.png\" alt=\"\" class=\"wp-image-58599\" srcset=\"https:\/\/corrientesdetarde.com\/wp-content\/uploads\/2023\/05\/image-110.png 610w, https:\/\/corrientesdetarde.com\/wp-content\/uploads\/2023\/05\/image-110-300x200.png 300w, https:\/\/corrientesdetarde.com\/wp-content\/uploads\/2023\/05\/image-110-272x182.png 272w\" sizes=\"auto, (max-width: 610px) 100vw, 610px\" \/><\/figure>\n\n\n\n<p>M\u00e1s de 100 l\u00edderes pol\u00edticos asistir\u00e1n al evento, entre ellos el primer ministro brit\u00e1nico&nbsp;<strong>Rishi Sunak<\/strong>, el presidente de Francia,&nbsp;<strong>Emmanuel Macron,<\/strong>&nbsp;su par brasile\u00f1o,<strong>&nbsp;Luiz In\u00e1cio Lula da Silva,<\/strong>&nbsp;y la presidenta de la Comisi\u00f3n Europea,&nbsp;<strong>Ursula von der Leyen.<\/strong><\/p>\n\n\n\n<p>Representando a Argentina estar\u00e1 el embajador Javier Figueroa y su esposa Alessandra Viggiano Marra. &#8220;<strong>Es un gran honor poder representar al pueblo y Gobierno argentino en la coronaci\u00f3n del Rey Carlos III<\/strong>&#8220;, dijo el diplom\u00e1tico a T\u00e9lam.<\/p>\n\n\n\n<p>En tanto, el presidente de Estados Unidos,<strong>&nbsp;Joe Biden<\/strong>,<strong>&nbsp;no estar\u00e1 presente,<\/strong>&nbsp;pero ser\u00e1 representado por su esposa,&nbsp;<strong>Jill Biden.<\/strong><\/p>\n\n\n\n<figure class=\"wp-block-image size-full\"><img loading=\"lazy\" decoding=\"async\" width=\"610\" height=\"377\" src=\"https:\/\/corrientesdetarde.com\/wp-content\/uploads\/2023\/05\/image-111.png\" alt=\"\" class=\"wp-image-58600\" srcset=\"https:\/\/corrientesdetarde.com\/wp-content\/uploads\/2023\/05\/image-111.png 610w, https:\/\/corrientesdetarde.com\/wp-content\/uploads\/2023\/05\/image-111-300x185.png 300w\" sizes=\"auto, (max-width: 610px) 100vw, 610px\" \/><\/figure>\n\n\n\n<p>Tambi\u00e9n asistir\u00e1n los reyes de&nbsp;<strong>Espa\u00f1a<\/strong>,&nbsp;<strong>Dinamarca<\/strong>,&nbsp;<strong>M\u00f3naco&nbsp;<\/strong>y&nbsp;<strong>Jordania<\/strong>, aunque<strong>&nbsp;la mayor\u00eda de los duques brit\u00e1nicos no fueron invitados&nbsp;<\/strong>debido a la intenci\u00f3n de Carlos III de tener una lista&nbsp;<strong>&#8220;meritocr\u00e1tica y no aristocr\u00e1tica&#8221;.<\/strong><\/p>\n\n\n\n<p>A la vez, se invit\u00f3 a<strong>&nbsp;m\u00e1s de 850 representantes de comunidades y organizaciones ben\u00e9ficas de todo el pa\u00eds<\/strong>, entre ellos m\u00e1s de 450 galardonados con la Medalla del Imperio Brit\u00e1nico en reconocimiento a sus contribuciones.<\/p>\n\n\n\n<p>Por otro lado,&nbsp;<strong>el papa Francisco regal\u00f3 dos fragmentos de la &#8220;Vera Cruz&#8221;<\/strong>, uno de 5 mil\u00edmetros y el otro de 1 cent\u00edmetro, con motivo de la coronaci\u00f3n.<\/p>\n\n\n\n<p>Estos fragmentos, seg\u00fan el Vaticano,&nbsp;<strong>provienen de la cruz utilizada para crucificar a Jesucristo&nbsp;<\/strong>y fueron incorporados en una cruz de plata ceremonial dise\u00f1ada por Michael Lloyd, que tambi\u00e9n contiene madera y pizarra galesas. La nueva Cruz de Gales ser\u00e1 trasladada a Londres para encabezar la procesi\u00f3n de la coronaci\u00f3n.<\/p>\n\n\n\n<h3 class=\"wp-block-heading\">Coronaci\u00f3n de Carlos III: as\u00ed ser\u00e1 el operativo de seguridad<\/h3>\n\n\n\n<figure class=\"wp-block-image\"><img decoding=\"async\" src=\"https:\/\/media.minutouno.com\/p\/7264b575e4efe37628e5e4cc235b4ab3\/adjuntos\/150\/imagenes\/025\/419\/0025419729\/610x0\/smart\/buckingham-2jpg.png\" alt=\"\"\/><\/figure>\n\n\n\n<p>En la celebraci\u00f3n participar\u00e1n&nbsp;<strong>m\u00e1s de 6.000 miembros de las fuerzas armadas<\/strong>&nbsp;por lo que ser\u00e1&nbsp;<strong>el mayor despliegue militar ceremonial en siete d\u00e9cadas<\/strong>,<\/p>\n\n\n\n<p>El acto requerir\u00e1 de un&nbsp;<strong>gran operativo de seguridad<\/strong>, que incluir\u00e1&nbsp;<strong>francotiradores&nbsp;<\/strong>en los techos y agentes de&nbsp;<strong>civil<\/strong>,&nbsp;<strong>detectores de metal<\/strong>,&nbsp;<strong>perros rastreadores&nbsp;<\/strong>y una&nbsp;<strong>zona de exclusi\u00f3n<\/strong>&nbsp;<strong>a\u00e9rea&nbsp;<\/strong>sobre el centro de la ciudad.<\/p>\n\n\n\n<p>La&nbsp;<strong>polic\u00eda&nbsp;<\/strong>tambi\u00e9n utilizar\u00e1<strong>&nbsp;tecnolog\u00eda de reconocimiento facial en las calles<\/strong>.<\/p>\n\n\n\n<figure class=\"wp-block-image\"><img decoding=\"async\" src=\"https:\/\/media.minutouno.com\/p\/9558102f092aabbc1ed8d8558361f619\/adjuntos\/150\/imagenes\/023\/057\/0023057517\/610x0\/smart\/atacaron-un-policia-cercanias-del-parlamento-londres.jpg\" alt=\"\"\/><\/figure>\n\n\n\n<p>&#8220;La<strong>&nbsp;lista de vigilancia<\/strong>&nbsp;se centrar\u00e1 en aquellas personas cuya presencia (&#8230;) suscitar\u00eda preocupaci\u00f3n, incluidas las personas buscadas por delitos o sobre las que pesa una orden de detenci\u00f3n pendiente&#8221;, inform\u00f3 Scotland Yard en un comunicado, reproducido por la agencia de noticias AFP.<\/p>\n\n\n\n<p>La&nbsp;<strong>polic\u00eda&nbsp;<\/strong>vigilar\u00e1 tambi\u00e9n a&nbsp;<strong>posibles manifestantes<\/strong>,&nbsp;<strong>antimon\u00e1rquicos&nbsp;<\/strong>o&nbsp;<strong>ecologistas<\/strong>, que busquen &#8220;alterar el orden p\u00fablico&#8221;, se\u00f1al\u00f3 un portavoz del palacio, que prometi\u00f3 &#8220;firmeza&#8221; y &#8220;cero tolerancia&#8221;.<\/p>\n\n\n\n<p>&#8220;El derecho a protestar es fundamental y eso no cambiar\u00e1 pero esperamos que todo el mundo se una&#8221; el s\u00e1bado y reconozca la coronaci\u00f3n como una ocasi\u00f3n de &#8220;unidad nacional&#8221;, dijo un portavoz del primer ministro Rishi Sunak.<\/p>\n\n\n\n<p>El<strong>&nbsp;grupo antimon\u00e1rquico Republic&nbsp;<\/strong>espera reunir al menos a<strong>&nbsp;1.000 personas para abuchear el cortejo real en la c\u00e9ntrica Trafalgar Square<\/strong>, pero asegur\u00f3 que no pretende &#8220;en absoluto&#8221; perturbar su desarrollo.<\/p>\n\n\n\n<p>Un reciente sondeo de YouGov revel\u00f3 que&nbsp;un 62% de los brit\u00e1nicos sigue apoyando la monarqu\u00eda,&nbsp;aunque<strong>&nbsp;la cifra se redujo&nbsp;<\/strong>considerablemente desde el 75% que opinaba lo mismo hace diez a\u00f1os. De todas formas, entre los j\u00f3venes de 18 a 24 a\u00f1os ese respaldo cae al 36%.<\/p>\n","protected":false},"excerpt":{"rendered":"<p>El rey Carlos III del Reino Unido ser\u00e1 coronado en una ceremonia este s\u00e1bado con gran despliegue y fuertes medidas de seguridad. Carlos III&nbsp;ser\u00e1 coronado este&nbsp;s\u00e1bado&nbsp;como&nbsp;el rey del Reino Unido&nbsp;en&hellip; <\/p>\n","protected":false},"author":8,"featured_media":58601,"comment_status":"closed","ping_status":"open","sticky":false,"template":"","format":"standard","meta":{"footnotes":""},"categories":[17],"tags":[],"class_list":["post-58596","post","type-post","status-publish","format-standard","has-post-thumbnail","hentry","category-sociales"],"_links":{"self":[{"href":"https:\/\/corrientesdetarde.com\/index.php\/wp-json\/wp\/v2\/posts\/58596","targetHints":{"allow":["GET"]}}],"collection":[{"href":"https:\/\/corrientesdetarde.com\/index.php\/wp-json\/wp\/v2\/posts"}],"about":[{"href":"https:\/\/corrientesdetarde.com\/index.php\/wp-json\/wp\/v2\/types\/post"}],"author":[{"embeddable":true,"href":"https:\/\/corrientesdetarde.com\/index.php\/wp-json\/wp\/v2\/users\/8"}],"replies":[{"embeddable":true,"href":"https:\/\/corrientesdetarde.com\/index.php\/wp-json\/wp\/v2\/comments?post=58596"}],"version-history":[{"count":1,"href":"https:\/\/corrientesdetarde.com\/index.php\/wp-json\/wp\/v2\/posts\/58596\/revisions"}],"predecessor-version":[{"id":58602,"href":"https:\/\/corrientesdetarde.com\/index.php\/wp-json\/wp\/v2\/posts\/58596\/revisions\/58602"}],"wp:featuredmedia":[{"embeddable":true,"href":"https:\/\/corrientesdetarde.com\/index.php\/wp-json\/wp\/v2\/media\/58601"}],"wp:attachment":[{"href":"https:\/\/corrientesdetarde.com\/index.php\/wp-json\/wp\/v2\/media?parent=58596"}],"wp:term":[{"taxonomy":"category","embeddable":true,"href":"https:\/\/corrientesdetarde.com\/index.php\/wp-json\/wp\/v2\/categories?post=58596"},{"taxonomy":"post_tag","embeddable":true,"href":"https:\/\/corrientesdetarde.com\/index.php\/wp-json\/wp\/v2\/tags?post=58596"}],"curies":[{"name":"wp","href":"https:\/\/api.w.org\/{rel}","templated":true}]}}