{"id":58632,"date":"2023-05-04T19:57:12","date_gmt":"2023-05-04T22:57:12","guid":{"rendered":"https:\/\/corrientesdetarde.com\/?p=58632"},"modified":"2023-05-04T19:57:33","modified_gmt":"2023-05-04T22:57:33","slug":"ayudo-a-paula-chaves-en-un-momento-dramatico-y-ahora-necesita-trabajo-perdi-todo","status":"publish","type":"post","link":"https:\/\/corrientesdetarde.com\/index.php\/espectaculos\/ayudo-a-paula-chaves-en-un-momento-dramatico-y-ahora-necesita-trabajo-perdi-todo\/","title":{"rendered":"ayud\u00f3 a Paula Chaves en un momento dram\u00e1tico y ahora necesita trabajo: \u201cPerd\u00ed todo\u201d"},"content":{"rendered":"\n<p>En 2022, Nahuel auxili\u00f3 a la conductora cuando su hija Filipa estaba teniendo una convulsi\u00f3n. Tras abrirle el camino en la autopista Panamericana, la ayud\u00f3 a llegar a una cl\u00ednica para que la atendieran.<a href=\"https:\/\/tn.com.ar\/autor\/mauricioluna\/\"><\/a><\/p>\n\n\n\n<p>En julio de 2022,\u00a0<strong>Paula Chaves<\/strong>\u00a0vivi\u00f3 una dram\u00e1tica situaci\u00f3n a bordo de su camioneta en plena autopista Panamericana. Esa ma\u00f1ana,\u00a0<strong>su hija Filipa comenz\u00f3 a convulsionar mientras el tr\u00e1nsito estaba detenido.<\/strong><\/p>\n\n\n\n<p>Nahuel, un joven de 19 a\u00f1os de Don Torcuato, fue su salvador. \u201cEstaba parado en el sem\u00e1foro, trabajando con la moto, y escuchaba bocinazos. Mir\u00e9 para el costado y la vi en su veh\u00edculo, con la nena en brazos.\u00a0<strong>Nadie la dejaba pasar. Me puse enfrente y comenc\u00e9 a abrirle el camino<\/strong>\u201d, record\u00f3 el joven<strong>.<\/strong><\/p>\n\n\n\n<p>Tras esquivar la fila de autos, la condujo en contramano hasta un puente que le permiti\u00f3 llegar con rapidez a la cl\u00ednica.&nbsp;<strong>\u201cSe baj\u00f3 corriendo y dej\u00f3 todo como estaba. Yo cerr\u00e9 la camioneta y entr\u00e9 con su otro hijo en brazos\u201d<\/strong>, relat\u00f3 Nahuel.<\/p>\n\n\n\n<figure class=\"wp-block-image\"><img decoding=\"async\" src=\"https:\/\/tn.com.ar\/resizer\/biFZjnySN-ekIJy_Ub1XbV_WR28=\/767x0\/smart\/filters:format(webp)\/cloudfront-us-east-1.images.arcpublishing.com\/artear\/EQKBSHUZVZDWTFZRDGFDJIEM3E.png\" alt=\"El tierno gesto de Paula Chaves con el motoquero que la ayud\u00f3 (Foto: instagram \/ nahuu.df \/ chavespauok)\"\/><figcaption>El tierno gesto de Paula Chaves con el motoquero que la ayud\u00f3 (Foto: instagram \/ nahuu.df \/ chavespauok)<\/figcaption><\/figure>\n\n\n\n<p>En las \u00faltimas horas, el joven public\u00f3 una historia en su cuenta de Instagram que fue replicada por la conductora de televisi\u00f3n. Una imagen con un mensaje sobreimpreso: \u201cBuenas.&nbsp;<strong>Ando en busca de alg\u00fan trabajo. Si alguien sabe me ayudar\u00eda un mont\u00f3n, de lo que sea.<\/strong>&nbsp;Tengo experiencia en talleres mec\u00e1nicos, pero me doy ma\u00f1a para todo\u201d.<\/p>\n\n\n\n<figure class=\"wp-block-image\"><img decoding=\"async\" src=\"https:\/\/tn.com.ar\/resizer\/XytThWNbrJzlc8VAr2NbZY4HaYw=\/767x0\/smart\/filters:format(webp)\/cloudfront-us-east-1.images.arcpublishing.com\/artear\/MJRQS5HSM5DZDOWFJGLKOXLTOM.png\" alt=\"El tierno gesto de Paula Chaves con el motoquero que la ayud\u00f3 (Foto: instagram \/ chavespauok)\"\/><figcaption>El tierno gesto de Paula Chaves con el motoquero que la ayud\u00f3 (Foto: instagram \/ chavespauok)<\/figcaption><\/figure>\n\n\n\n<p>Chaves comparti\u00f3 su pedido\u00a0y agreg\u00f3:\u00a0<strong>\u201cNahui, el motoquero que me ayud\u00f3 con Fili busca trabajo\u201d.<\/strong>\u00a0En julio del a\u00f1o pasado, luego del hecho que conmovi\u00f3 a la actriz, Nahuel se encontraba en una situaci\u00f3n similar y fue ella quien potenci\u00f3 su b\u00fasqueda.<\/p>\n\n\n\n<p>\u201cEn aquella oportunidad me empezaron a seguir m\u00e1s de 30 mil personas y recib\u00ed muchos ofrecimientos de laburo. Pero&nbsp;<strong>a la semana y media me hackearon la cuenta y perd\u00ed todo. Todos los contactos que hab\u00eda generado no los pude recuperar<\/strong>\u201d, explic\u00f3.<\/p>\n\n\n\n<figure class=\"wp-block-image\"><img decoding=\"async\" src=\"https:\/\/tn.com.ar\/resizer\/kuUgBcIVWdN1d5VYNy5NU4VeV9o=\/767x0\/smart\/filters:format(webp)\/cloudfront-us-east-1.images.arcpublishing.com\/artear\/TBOFVOUYX5HQHDHUOIMOASTWOU.jpg\" alt=\"Nahuel, el motoquero que ayud\u00f3 a Paula Chavez, busca trabajo. Foto:  Instagram\/ @problemamio.22\"\/><figcaption>Nahuel, el motoquero que ayud\u00f3 a Paula Chavez, busca trabajo. Foto: Instagram\/ @problemamio.22<\/figcaption><\/figure>\n\n\n\n<p>A pesar de aquel disgusto,&nbsp;<strong>Nahuel logr\u00f3 conseguir un empleo que dur\u00f3 cerca de tres meses.<\/strong>&nbsp;Por motivos que no precis\u00f3, tras esos 90 d\u00edas de trabajo fue despedido.<\/p>\n\n\n\n<p>\u201c<strong>Estoy sin trabajo y tuve que empezar de cero.<\/strong>&nbsp;Pude bancar un tiempo con el otro laburo, pero ahora sub\u00ed esto para ver si pod\u00eda generar lo mismo. Antes le escrib\u00ed a ella para que me lo compartiera. Y si bien recib\u00ed cuatro o cinco mensajes,&nbsp;<strong>no tuvo el mismo impacto<\/strong>\u201d, reconoci\u00f3.<\/p>\n\n\n\n<h2 class=\"wp-block-heading\">Paula Chaves relat\u00f3 el desesperante momento que vivi\u00f3 en aquel momento<\/h2>\n\n\n\n<p>Aquel d\u00eda, luego de pasar el mal momento y de ser socorrida por Nahuel,&nbsp;<strong>Paula us\u00f3 sus redes para llevarle tranquilidad a sus seguidores.<\/strong><\/p>\n\n\n\n<p>\u201cHoy por suerte estamos bien\u2026 Ayer yendo a la guardia por Balta, que estaba muy ca\u00eddo por vomitar sin parar\u2026&nbsp;<strong>Filipa, que ten\u00eda una m\u00ednima febr\u00edcula producto de una posible otitis, convulsion\u00f3 en el auto<\/strong>\u201d, comenz\u00f3 escribiendo en sus historias de Instagram.<\/p>\n\n\n\n<p>Tras aclarar que ya hab\u00eda tenido un episodio en diciembre, coment\u00f3 que a la nena no le afecta neurol\u00f3gicamente porque&nbsp;<strong>\u201cel foco de la convulsi\u00f3n es la fiebre\u201d.&nbsp;<\/strong>\u201cComparto esto porque si yo hubiese sabido y le\u00eddo de la convulsi\u00f3n febril, tal vez no me desesperaba tanto\u201d, reflexion\u00f3.<\/p>\n\n\n\n<figure class=\"wp-block-image\"><img decoding=\"async\" src=\"https:\/\/tn.com.ar\/resizer\/UfouJeC-4WFEt1zUKpKMDLjGD9E=\/767x0\/smart\/filters:format(webp)\/cloudfront-us-east-1.images.arcpublishing.com\/artear\/FXUAJXBKIRCBBLSKWWQ6CSQ7RM.JPG\" alt=\"Paula Chaves relat\u00f3 el dram\u00e1tico momento que vivi\u00f3 camino a una guardia m\u00e9dica. Foto: Instagram\/ chavespauok\"\/><figcaption>Paula Chaves relat\u00f3 el dram\u00e1tico momento que vivi\u00f3 camino a una guardia m\u00e9dica. Foto: Instagram\/ chavespauok<\/figcaption><\/figure>\n\n\n\n<p>Entonces relat\u00f3 la ayuda que le brind\u00f3 Nahuel, el motoquero que lo cambi\u00f3 todo. \u201cAl grito m\u00edo por la ventana de \u2018\u00a1ven\u00ed, ayudame, por favor!\u2019&nbsp;<strong>No solo me abri\u00f3 camino en la Panamericana, sino que cuando llegu\u00e9 a la guardia, me baj\u00e9 del auto y d\u00e1ndole las llaves del auto<\/strong>, le dije \u2018atr\u00e1s dej\u00e9 a mi otro hijo, por favor agarralo a upa, entralo y cerr\u00e1 el auto\u2019 (la cantidad de indicaciones en cuatro segundos es muy de virgo)\u201d, expres\u00f3 con humor.<\/p>\n\n\n\n<p>\u201cY as\u00ed fue\u2026 Mientras las m\u00e9dicas divinas de la Trinidad de San Isidro atend\u00edan a Filipa. Entr\u00f3 este motoquero salvador, con Balta a upa, dici\u00e9ndome que \u00e9l llevar\u00eda el auto al estacionamiento de la cl\u00ednica. Querido motoquero superh\u00e9roe (as\u00ed le dije a Balta) porque me dijo<strong>&nbsp;\u2018Mam\u00e1 me dejaste en el auto con un se\u00f1or con casco\u2019.&nbsp;<\/strong>Gracias por cruzarte en nuestro camino\u201d, cerr\u00f3.<\/p>\n","protected":false},"excerpt":{"rendered":"<p>En 2022, Nahuel auxili\u00f3 a la conductora cuando su hija Filipa estaba teniendo una convulsi\u00f3n. Tras abrirle el camino en la autopista Panamericana, la ayud\u00f3 a llegar a una cl\u00ednica&hellip; <\/p>\n","protected":false},"author":1,"featured_media":58633,"comment_status":"closed","ping_status":"open","sticky":false,"template":"","format":"standard","meta":{"footnotes":""},"categories":[19],"tags":[],"class_list":["post-58632","post","type-post","status-publish","format-standard","has-post-thumbnail","hentry","category-espectaculos"],"_links":{"self":[{"href":"https:\/\/corrientesdetarde.com\/index.php\/wp-json\/wp\/v2\/posts\/58632","targetHints":{"allow":["GET"]}}],"collection":[{"href":"https:\/\/corrientesdetarde.com\/index.php\/wp-json\/wp\/v2\/posts"}],"about":[{"href":"https:\/\/corrientesdetarde.com\/index.php\/wp-json\/wp\/v2\/types\/post"}],"author":[{"embeddable":true,"href":"https:\/\/corrientesdetarde.com\/index.php\/wp-json\/wp\/v2\/users\/1"}],"replies":[{"embeddable":true,"href":"https:\/\/corrientesdetarde.com\/index.php\/wp-json\/wp\/v2\/comments?post=58632"}],"version-history":[{"count":1,"href":"https:\/\/corrientesdetarde.com\/index.php\/wp-json\/wp\/v2\/posts\/58632\/revisions"}],"predecessor-version":[{"id":58634,"href":"https:\/\/corrientesdetarde.com\/index.php\/wp-json\/wp\/v2\/posts\/58632\/revisions\/58634"}],"wp:featuredmedia":[{"embeddable":true,"href":"https:\/\/corrientesdetarde.com\/index.php\/wp-json\/wp\/v2\/media\/58633"}],"wp:attachment":[{"href":"https:\/\/corrientesdetarde.com\/index.php\/wp-json\/wp\/v2\/media?parent=58632"}],"wp:term":[{"taxonomy":"category","embeddable":true,"href":"https:\/\/corrientesdetarde.com\/index.php\/wp-json\/wp\/v2\/categories?post=58632"},{"taxonomy":"post_tag","embeddable":true,"href":"https:\/\/corrientesdetarde.com\/index.php\/wp-json\/wp\/v2\/tags?post=58632"}],"curies":[{"name":"wp","href":"https:\/\/api.w.org\/{rel}","templated":true}]}}