{"id":58958,"date":"2023-05-06T11:04:02","date_gmt":"2023-05-06T14:04:02","guid":{"rendered":"https:\/\/corrientesdetarde.com\/?p=58958"},"modified":"2023-05-06T11:04:05","modified_gmt":"2023-05-06T14:04:05","slug":"se-inicia-el-juicio-por-la-muerte-del-nino-carlos-rivero-intoxicado-con-agroquimicos","status":"publish","type":"post","link":"https:\/\/corrientesdetarde.com\/index.php\/policiales\/se-inicia-el-juicio-por-la-muerte-del-nino-carlos-rivero-intoxicado-con-agroquimicos\/","title":{"rendered":"Se inicia el juicio por la muerte del ni\u00f1o Carlos Rivero, intoxicado con agroqu\u00edmicos"},"content":{"rendered":"\n<p>En junio se iniciar\u00e1 el juicio en Goya por la muerte del ni\u00f1o Carlos Rivero ocurrido en 2011, quien falleci\u00f3 intoxicado por agroqu\u00edmicos en Lavalle.<\/p>\n\n\n\n<p>Jos\u00e9 Carlos Rivero ten\u00eda 4 a\u00f1os, viv\u00eda en Paraje Puerto Viejo (Lavalle, Corrientes), zona de producci\u00f3n de tomates y altamente pulverizada con agrot\u00f3xicos da\u00f1inos para la salud y el ambiente. Su familia le dec\u00eda \u201cKily\u201d.&nbsp;<\/p>\n\n\n\n<p>El 12 de mayo de 2012 muri\u00f3 intoxicado por agrot\u00f3xicos. El juicio por su muerte deb\u00eda comenzar el 18 de abril, pero el inicio de las audiencias fue pospuesto.&nbsp;<\/p>\n\n\n\n<p>Ahora el m\u00e1ximo tribunal de Goya comunic\u00f3 que el 1, 6 y 8 de junio iniciar\u00e1n las audiencias a testigos contra el productor tomatero acusado como responsable del hecho.<\/p>\n\n\n\n<p>El Tribunal de Goya notific\u00f3 a las partes: que la nutrida agenda del Tribunal no permite la fijaci\u00f3n de debates en fecha pr\u00f3xima, existiendo causas pendientes de audiencias con procesados privados de libertad que deben ser consideradas en forma prioritaria, y atento a que en la presente causa no existe persona detenida, por lo que prorrogar la fecha de audiencia no ocasionar\u00eda gravamen relevante en el presente juicio.<\/p>\n\n\n\n<p>El productor es acusado de cometer el asesinato del menor de 4 a\u00f1os al fumigar sus campos con pesticida. En septiembre de 2016, el juez Lopez Lecube, del Juzgado N\u00ba 1, hab\u00eda procesado con prisi\u00f3n preventiva al acusado.<\/p>\n\n\n\n<p>El imputado, mediante su letrado, hab\u00eda apelado en octubre de ese mismo a\u00f1o y la C\u00e1mara Criminal de Corrientes dej\u00f3 firme.<\/p>\n\n\n\n<p>Esta sustancia fue detectada en el ni\u00f1o en un an\u00e1lisis de orina que le hicieron en el hospital de Goya y es compatible con el tipo de agrot\u00f3xicos que se usan en las tomateras. Adem\u00e1s, pericias posteriores encontraron el compuesto en las hojas de las plantas de tomate del establecimiento hort\u00edcola y en el cuerpo de los chanchos muertos en la propiedad de la familia Rivero.<\/p>\n\n\n\n<p>Los plaguicidas organofosforados constituyen un ampl\u00edsimo grupo de compuestos de s\u00edntesis, en general altamente t\u00f3xicos, con un precedente en los gases de guerra, a menudo conocidos bajo el apelativo de \u201cgases nerviosos\u201d, entre los que se encuentran el sar\u00edn, tab\u00fan y som\u00e1n, que se desarrollaron de manera especial a partir de la Segunda Guerra Mundial.<\/p>\n\n\n\n<p>En la causa judicial figura que se encontraron restos de agrot\u00f3xicos organofosforados en la orina del ni\u00f1o, en plantas de tomate en el lote del imputado por el crimen y en huesos de uno de los cerdos muertos en la casa de los Rivero.<\/p>\n\n\n\n<p>El acusado por la muerte del ni\u00f1o es Oscar Antonio Candussi, due\u00f1o de la empresa tomatera lindante con la casa donde viv\u00eda la familia de Kily. El productor agropecuario est\u00e1 procesado por homicidio culposo.<\/p>\n\n\n\n<p>Seg\u00fan detall\u00f3 el sitio de noticias Tierra Viva, el juez Jorge Antonio Carbone, presidente del Tribunal de Juicio de Goya (Corrientes), firm\u00f3 el escrito judicial que oficializa la suspensi\u00f3n. \u201cVisto que la nutrida agenda del tribunal no permite la fijaci\u00f3n de debates en fecha pr\u00f3xima (\u2026) y atento a que en la presente causa no existe persona detenida, por lo que prorrogar la fecha de audiencia, no ocasionar\u00eda gravamen relevante en el presente juicio: resuelvo suspender la audiencia se\u00f1alada\u201d, argument\u00f3.<\/p>\n\n\n\n<p>A m\u00e1s de una d\u00e9cada de perder a su hijo, Eugenia S\u00e1nchez manifest\u00f3: \u201cMe da mucha impotencia porque no hay ning\u00fan preso, pero s\u00ed un ni\u00f1o muerto y mucho dolor en la familia porque todav\u00eda no se puede tener justicia. Cuanto m\u00e1s se aleja el juicio, m\u00e1s se dilata nuestro dolor. No es f\u00e1cil recordar nuevamente todo lo que pas\u00f3\u201d. Otra de sus hijas, la hermana mayor de Kily, Antonella (16 a\u00f1os), falleci\u00f3 en 2021 de c\u00e1ncer.<\/p>\n\n\n\n<p>La enfermera del Hospital Garrahan, Meche M\u00e9ndez, denuncia desde hace d\u00e9cadas los da\u00f1os que ocasionan los agrot\u00f3xicos. Ella acompa\u00f1\u00f3 a la familia en el dur\u00edsimo trance de la muerte del ni\u00f1o. Tambi\u00e9n acompa\u00f1\u00f3 a Antonella durante su enfermedad.<\/p>\n\n\n\n<p>Enterada de la suspensi\u00f3n del juicio, indignada, asegur\u00f3: \u201cEsto es una muestra clara del desprecio que la \u2018Justicia\u2019 emana una vez m\u00e1s por la vida de los ni\u00f1os expuestos a los t\u00f3xicos utilizados en la agricultura y cuyo negocio mueve millones, da\u00f1ando adem\u00e1s seriamente la salud y el ambiente\u201d.<\/p>\n\n\n\n<p>&nbsp;Y exhort\u00f3 a visibilizar tanto el caso como el pedido de justicia: \u201cNos sobran experiencias para sospechar que si el tema no se visibiliza, si el juicio no se acompa\u00f1a tambi\u00e9n de una condena social que exija justicia, existe serio riesgo de que el tribunal nuevamente imparta injusticia\u201d.<\/p>\n\n\n\n<p>\u201cHago un pedido hasta el nuevo llamado a juicio, a difundir, visibilizar, denunciar una vez m\u00e1s el caso de los ni\u00f1os de las tomateras de Lavalle, acompa\u00f1ando esta vez el reclamo de la familia de Kily para que los responsables de su muerte no queden impunes y para que nunca m\u00e1s haya ni\u00f1os que enfermen o mueran por la codicia y el desprecio de quienes se enriquecen a costa de sembrar enfermedad y muerte\u201d, pidi\u00f3 M\u00e9ndez.<\/p>\n","protected":false},"excerpt":{"rendered":"<p>En junio se iniciar\u00e1 el juicio en Goya por la muerte del ni\u00f1o Carlos Rivero ocurrido en 2011, quien falleci\u00f3 intoxicado por agroqu\u00edmicos en Lavalle. Jos\u00e9 Carlos Rivero ten\u00eda 4&hellip; <\/p>\n","protected":false},"author":3,"featured_media":58959,"comment_status":"closed","ping_status":"open","sticky":false,"template":"","format":"standard","meta":{"footnotes":""},"categories":[33],"tags":[],"class_list":["post-58958","post","type-post","status-publish","format-standard","has-post-thumbnail","hentry","category-policiales"],"_links":{"self":[{"href":"https:\/\/corrientesdetarde.com\/index.php\/wp-json\/wp\/v2\/posts\/58958","targetHints":{"allow":["GET"]}}],"collection":[{"href":"https:\/\/corrientesdetarde.com\/index.php\/wp-json\/wp\/v2\/posts"}],"about":[{"href":"https:\/\/corrientesdetarde.com\/index.php\/wp-json\/wp\/v2\/types\/post"}],"author":[{"embeddable":true,"href":"https:\/\/corrientesdetarde.com\/index.php\/wp-json\/wp\/v2\/users\/3"}],"replies":[{"embeddable":true,"href":"https:\/\/corrientesdetarde.com\/index.php\/wp-json\/wp\/v2\/comments?post=58958"}],"version-history":[{"count":1,"href":"https:\/\/corrientesdetarde.com\/index.php\/wp-json\/wp\/v2\/posts\/58958\/revisions"}],"predecessor-version":[{"id":58960,"href":"https:\/\/corrientesdetarde.com\/index.php\/wp-json\/wp\/v2\/posts\/58958\/revisions\/58960"}],"wp:featuredmedia":[{"embeddable":true,"href":"https:\/\/corrientesdetarde.com\/index.php\/wp-json\/wp\/v2\/media\/58959"}],"wp:attachment":[{"href":"https:\/\/corrientesdetarde.com\/index.php\/wp-json\/wp\/v2\/media?parent=58958"}],"wp:term":[{"taxonomy":"category","embeddable":true,"href":"https:\/\/corrientesdetarde.com\/index.php\/wp-json\/wp\/v2\/categories?post=58958"},{"taxonomy":"post_tag","embeddable":true,"href":"https:\/\/corrientesdetarde.com\/index.php\/wp-json\/wp\/v2\/tags?post=58958"}],"curies":[{"name":"wp","href":"https:\/\/api.w.org\/{rel}","templated":true}]}}