{"id":58961,"date":"2023-05-06T11:05:35","date_gmt":"2023-05-06T14:05:35","guid":{"rendered":"https:\/\/corrientesdetarde.com\/?p=58961"},"modified":"2023-05-06T11:05:56","modified_gmt":"2023-05-06T14:05:56","slug":"una-pareja-y-su-mascota-emprendieron-un-viaje-de-goya-a-ushuaia-en-bicicleta","status":"publish","type":"post","link":"https:\/\/corrientesdetarde.com\/index.php\/sociales\/una-pareja-y-su-mascota-emprendieron-un-viaje-de-goya-a-ushuaia-en-bicicleta\/","title":{"rendered":"Una pareja y su mascota emprendieron un viaje de&nbsp;Goya a Ushuaia en bicicleta"},"content":{"rendered":"\n<p>Se trata de\u00a0Marcelo, Marina e India que comenzaron el recorrido en febrero.\u00a0<\/p>\n\n\n\n<p>Una pareja correntina y su mascota emprendieron el viaje en bicicleta para unir la localidad de&nbsp;Goya con Ushuaia, Tierra del Fuego.&nbsp;<\/p>\n\n\n\n<p>La traves\u00eda de Marcelo, Marina e India comenz\u00f3 el pasado 14 de febrero y la van costeando con donaciones que reciben por las rede sociales.&nbsp;<\/p>\n\n\n\n<p>\u201cEs la aventura m\u00e1s grande que he hecho hasta ahora, voy acompa\u00f1ada de mi perra y mi pareja\u201d, relat\u00f3 Marcelo.<\/p>\n\n\n\n<p>Adem\u00e1s, aclar\u00e7o&nbsp;que llevan ropa y chaleco refractario para viajar, pero que no andan de noche, s\u00f3lo de d\u00eda.<\/p>\n\n\n\n<figure class=\"wp-block-image\"><img decoding=\"async\" src=\"https:\/\/pxc.cdn.ellitoral.com.ar\/litoral\/052023\/1683322329421.webp?cw=640&amp;ch=480&amp;extw=jpg\" alt=\"Una pareja y su mascota emprendieron un viaje de\u00a0Goya a Ushuaia en bicicleta\"\/><\/figure>\n\n\n\n<p>Desde que se embarcaron en este viaje reciben ayuda econ\u00f3mica a trav\u00e9s de las redes sociales: \u201cLas redes sociales son nuestra fuente m\u00e1s grande de financiamiento. Nosotros hacemos publicaciones y la gente nos ayuda. Tenemos Mercado pago, cafecito y as\u00ed la gente nos ayuda y nos dona plata, seg\u00fan lo que quieran: 10 pesos, 50 o 1000 pesos&#8221;, indicaron.<\/p>\n\n\n\n<p>A su vez, se\u00f1alaron que&nbsp;&#8220;a la gente le gusta este viaje que hacemos en bicicleta. Vamos a las plazas principales de la ciudad y nos sentamos. La gente viene y compartimos una charla y la gente nos ayuda. Tambi\u00e9n trabajamos en cada lugar donde paramos\u201d.<\/p>\n\n\n\n<figure class=\"wp-block-image\"><img decoding=\"async\" src=\"https:\/\/pxc.cdn.ellitoral.com.ar\/litoral\/052023\/1683322330342.webp?cw=640&amp;ch=480&amp;extw=jpg\" alt=\"Una pareja y su mascota emprendieron un viaje de\u00a0Goya a Ushuaia en bicicleta\"\/><\/figure>\n\n\n\n<p>El viaje continuar\u00e1 por la Costa: General Belgrano, Castelli; Dolores, San Clemente del Tuy\u00fa; Las Toninas; San Bernardo, Mar del Plata, Necochea, Bah\u00eda Blanca, Viedma y de ah\u00ed seguir\u00e1n viajando hacia el Sur.<\/p>\n\n\n\n<p>En el trayecto buscan alojamiento con los Scouts, o acuden a capillas, o bomberos para poder pasar la noche.<\/p>\n\n\n\n<p>Para conocer m\u00e1s del viaje de&nbsp;Marcelo, Marina e India est\u00e1 disponible su Instagram&nbsp;&nbsp;<a href=\"https:\/\/www.instagram.com\/bicitandoconindia\/\"><strong>@bicitandoconindia<\/strong><\/a><\/p>\n","protected":false},"excerpt":{"rendered":"<p>Se trata de\u00a0Marcelo, Marina e India que comenzaron el recorrido en febrero.\u00a0 Una pareja correntina y su mascota emprendieron el viaje en bicicleta para unir la localidad de&nbsp;Goya con Ushuaia,&hellip; <\/p>\n","protected":false},"author":3,"featured_media":58962,"comment_status":"closed","ping_status":"open","sticky":false,"template":"","format":"standard","meta":{"footnotes":""},"categories":[17],"tags":[],"class_list":["post-58961","post","type-post","status-publish","format-standard","has-post-thumbnail","hentry","category-sociales"],"_links":{"self":[{"href":"https:\/\/corrientesdetarde.com\/index.php\/wp-json\/wp\/v2\/posts\/58961","targetHints":{"allow":["GET"]}}],"collection":[{"href":"https:\/\/corrientesdetarde.com\/index.php\/wp-json\/wp\/v2\/posts"}],"about":[{"href":"https:\/\/corrientesdetarde.com\/index.php\/wp-json\/wp\/v2\/types\/post"}],"author":[{"embeddable":true,"href":"https:\/\/corrientesdetarde.com\/index.php\/wp-json\/wp\/v2\/users\/3"}],"replies":[{"embeddable":true,"href":"https:\/\/corrientesdetarde.com\/index.php\/wp-json\/wp\/v2\/comments?post=58961"}],"version-history":[{"count":1,"href":"https:\/\/corrientesdetarde.com\/index.php\/wp-json\/wp\/v2\/posts\/58961\/revisions"}],"predecessor-version":[{"id":58963,"href":"https:\/\/corrientesdetarde.com\/index.php\/wp-json\/wp\/v2\/posts\/58961\/revisions\/58963"}],"wp:featuredmedia":[{"embeddable":true,"href":"https:\/\/corrientesdetarde.com\/index.php\/wp-json\/wp\/v2\/media\/58962"}],"wp:attachment":[{"href":"https:\/\/corrientesdetarde.com\/index.php\/wp-json\/wp\/v2\/media?parent=58961"}],"wp:term":[{"taxonomy":"category","embeddable":true,"href":"https:\/\/corrientesdetarde.com\/index.php\/wp-json\/wp\/v2\/categories?post=58961"},{"taxonomy":"post_tag","embeddable":true,"href":"https:\/\/corrientesdetarde.com\/index.php\/wp-json\/wp\/v2\/tags?post=58961"}],"curies":[{"name":"wp","href":"https:\/\/api.w.org\/{rel}","templated":true}]}}