{"id":58969,"date":"2023-05-06T14:44:20","date_gmt":"2023-05-06T17:44:20","guid":{"rendered":"https:\/\/corrientesdetarde.com\/?p=58969"},"modified":"2023-05-06T14:44:45","modified_gmt":"2023-05-06T17:44:45","slug":"guillermo-gomez-mis-obras-son-un-abrazo-de-proteccion","status":"publish","type":"post","link":"https:\/\/corrientesdetarde.com\/index.php\/cultura\/guillermo-gomez-mis-obras-son-un-abrazo-de-proteccion\/","title":{"rendered":"Guillermo G\u00f3mez: &#8220;El arte es un puente que une al tiempo con la historia. Nos muestra y nos relata parte importante del contexto&#8221;"},"content":{"rendered":"\n<p>Un paseo por el imaginario de las artes propone una mirada con conciencia ecol\u00f3gica y en estos trazos el artista Guillermo G\u00f3mez abre una ventana hacia el patrimonio m\u00e1s valioso de los correntinos, el Iber\u00e1. La muestra qued\u00f3 inaugurada el jueves en el centro Cultural Adolfo Mors (Pellegrini 542) y se podr\u00e1 visitar hasta el 10 de mayo.<\/p>\n\n\n\n<p>&#8220;El arte es un puente que une al tiempo con la historia. Nos muestra y nos relata parte importante del contexto&#8221;, explic\u00f3 el artista. &#8220;Y por ello, homenajear al Iber\u00e1 implica reflejar el poder de la naturaleza y de su capacidad de resiliencia, que permiten integrarlo como cultura y patrimonio&#8221;, agreg\u00f3 G\u00f3mez.<\/p>\n\n\n\n<p>La exposici\u00f3n organizada por la Municipalidad re\u00fane cerca de veinte obras realizadas en t\u00e9cnica mixta y con materiales reciclados. &#8220;El arte no puede estar ausente de este acontecer y lo representa en todos sus lenguajes como sin\u00f3nimo de Corrientes&#8221;, refiri\u00f3.<\/p>\n\n\n<div class=\"wp-block-image\">\n<figure class=\"aligncenter\"><img decoding=\"async\" src=\"https:\/\/www.diarioepoca.com\/content\/bucket\/9\/1294939w380h260c.jpg.webp\" alt=\"\"\/><figcaption>REFERENTES DE LA CULTURA Y ARTISTAS ACOMPA\u00d1ARON LA INAUGURACI\u00d3N.<\/figcaption><\/figure>\n<\/div>\n\n\n<p>En este contexto, agreg\u00f3 que &#8220;Iber\u00e1 es un homenaje a lo que es nuestra naturaleza, nuestro patrimonio, nuestro sentido de pertenencia hacia uno de los fen\u00f3menos y de los atractivos m\u00e1s grandes que no solo Corrientes tiene, sino Argentina y el mundo en general&#8221;. Por \u00faltimo, manifest\u00f3 que &#8220;Iber\u00e1 ha sabido renacer de entre las cenizas y eso es algo importante que demuestra y denota el gran poder que hay en esta provincia, la magia que hay de los chamanes, de los guaran\u00edes y de un mont\u00f3n de cosas que hacen al acervo correntino&#8221;, a\u00f1adi\u00f3 luego.<\/p>\n\n\n\n<p>G\u00f3mez cont\u00f3 que para poder realizar esta muestra trabaj\u00f3 con materiales reciclados, como cartones y soportes r\u00edgidos, bajo t\u00e9cnica mixta. &#8220;Hay mucho acr\u00edlico, mucha pintura para exteriores que conviven y que hacen una amalgama en la mixtura del trabajo&#8221;.<\/p>\n\n\n\n<p>Adem\u00e1s se mostr\u00f3 muy agradecido a la Municipalidad &#8220;por abrir las puertas de este espacio a los artistas para mostrar nuestro arte y que el p\u00fablico lo pueda observar. El arte es popular y tiene que ser para el pueblo&#8221;, concluy\u00f3.<\/p>\n\n\n\n<p>La muestra va a permanecer abierta al p\u00fablico con entrada libre y gratuita de lunes a viernes de 8 a 20 y s\u00e1bado, domingo y feriados de 10 a 20.<\/p>\n","protected":false},"excerpt":{"rendered":"<p>Un paseo por el imaginario de las artes propone una mirada con conciencia ecol\u00f3gica y en estos trazos el artista Guillermo G\u00f3mez abre una ventana hacia el patrimonio m\u00e1s valioso&hellip; <\/p>\n","protected":false},"author":1,"featured_media":58992,"comment_status":"closed","ping_status":"open","sticky":false,"template":"","format":"standard","meta":{"footnotes":""},"categories":[15],"tags":[],"class_list":["post-58969","post","type-post","status-publish","format-standard","has-post-thumbnail","hentry","category-cultura"],"_links":{"self":[{"href":"https:\/\/corrientesdetarde.com\/index.php\/wp-json\/wp\/v2\/posts\/58969","targetHints":{"allow":["GET"]}}],"collection":[{"href":"https:\/\/corrientesdetarde.com\/index.php\/wp-json\/wp\/v2\/posts"}],"about":[{"href":"https:\/\/corrientesdetarde.com\/index.php\/wp-json\/wp\/v2\/types\/post"}],"author":[{"embeddable":true,"href":"https:\/\/corrientesdetarde.com\/index.php\/wp-json\/wp\/v2\/users\/1"}],"replies":[{"embeddable":true,"href":"https:\/\/corrientesdetarde.com\/index.php\/wp-json\/wp\/v2\/comments?post=58969"}],"version-history":[{"count":2,"href":"https:\/\/corrientesdetarde.com\/index.php\/wp-json\/wp\/v2\/posts\/58969\/revisions"}],"predecessor-version":[{"id":58994,"href":"https:\/\/corrientesdetarde.com\/index.php\/wp-json\/wp\/v2\/posts\/58969\/revisions\/58994"}],"wp:featuredmedia":[{"embeddable":true,"href":"https:\/\/corrientesdetarde.com\/index.php\/wp-json\/wp\/v2\/media\/58992"}],"wp:attachment":[{"href":"https:\/\/corrientesdetarde.com\/index.php\/wp-json\/wp\/v2\/media?parent=58969"}],"wp:term":[{"taxonomy":"category","embeddable":true,"href":"https:\/\/corrientesdetarde.com\/index.php\/wp-json\/wp\/v2\/categories?post=58969"},{"taxonomy":"post_tag","embeddable":true,"href":"https:\/\/corrientesdetarde.com\/index.php\/wp-json\/wp\/v2\/tags?post=58969"}],"curies":[{"name":"wp","href":"https:\/\/api.w.org\/{rel}","templated":true}]}}