{"id":58970,"date":"2023-05-06T19:31:00","date_gmt":"2023-05-06T22:31:00","guid":{"rendered":"https:\/\/corrientesdetarde.com\/?p=58970"},"modified":"2023-05-06T14:42:38","modified_gmt":"2023-05-06T17:42:38","slug":"las-ferias-de-las-ciudad-inician-otrasemana-de-recorrido-por-los-barrios","status":"publish","type":"post","link":"https:\/\/corrientesdetarde.com\/index.php\/sociales\/las-ferias-de-las-ciudad-inician-otrasemana-de-recorrido-por-los-barrios\/","title":{"rendered":"<strong>Las Ferias de las Ciudad inician otra<br>semana de recorrido por los barrios<\/strong>"},"content":{"rendered":"\n<p><em>Del martes 9 al domingo 14 de mayo, de 8 a 13, la Municipalidad tiene previsto el habitual desembarco de los feriantes capitalinos en distintos espacios p\u00fablicos de la ciudad. Los vecinos podr\u00e1n conseguir productos de calidad y los combos saludables de verduras y frutas. &nbsp;<\/em><\/p>\n\n\n\n<p>La Municipalidad de Corrientes dio a conocer la nueva programaci\u00f3n de las Ferias de la Ciudad, entre el martes 9 y el domingo 14 de mayo. La propuesta est\u00e1 destinada a promover la producci\u00f3n local y, al mismo tiempo, colaborar con la econom\u00eda familiar de los vecinos.\u00a0<br><br>Feriantes del programa local impulsado y coordinado desde la Municipalidad de Corrientes comercializar\u00e1n frutas y verduras, adem\u00e1s de productos panificados caseros, dulces regionales, artesan\u00edas, y plantas ornamentales. Est\u00e1n disponibles tambi\u00e9n los combos saludables que tienen una gran demanda de parte de los vecinos. \u00a0<\/p>\n\n\n\n<figure class=\"wp-block-image size-large\"><img loading=\"lazy\" decoding=\"async\" width=\"1024\" height=\"1024\" src=\"https:\/\/corrientesdetarde.com\/wp-content\/uploads\/2023\/05\/image-162-1024x1024.png\" alt=\"\" class=\"wp-image-58986\" srcset=\"https:\/\/corrientesdetarde.com\/wp-content\/uploads\/2023\/05\/image-162-1024x1024.png 1024w, https:\/\/corrientesdetarde.com\/wp-content\/uploads\/2023\/05\/image-162-300x300.png 300w, https:\/\/corrientesdetarde.com\/wp-content\/uploads\/2023\/05\/image-162-150x150.png 150w, https:\/\/corrientesdetarde.com\/wp-content\/uploads\/2023\/05\/image-162-768x768.png 768w, https:\/\/corrientesdetarde.com\/wp-content\/uploads\/2023\/05\/image-162-375x375.png 375w, https:\/\/corrientesdetarde.com\/wp-content\/uploads\/2023\/05\/image-162.png 1080w\" sizes=\"auto, (max-width: 1024px) 100vw, 1024px\" \/><\/figure>\n\n\n\n<p><br><br>El recorrido de la semana entrante se iniciar\u00e1 el martes 9 de mayo, de 8 a 13, en la plaza Libertad (San Mart\u00edn y Per\u00fa) y la plazoleta Los Amigos (Juan Pujol \u2013Poncho Verde- y Brasil) del barrio Libertad.\u00a0<br><br>Va a continuar el mi\u00e9rcoles 10 \u2013en el mismo horario-, en la plaza Torrent (San Lorenzo y Bol\u00edvar) y plazoleta Evita (Av. Sarmiento y Av. Maip\u00fa del barrio Ber\u00f3n de Astrada). \u00a0<br><br>En tanto que el jueves 11, los puesteros se ubicar\u00e1n nuevamente en plaza Torrent, al igual que el viernes 12.<br><br>En simult\u00e1neo, ese mismo viernes, estar\u00e1n en la plaza Rep\u00fablica del Per\u00fa de las Mil Viviendas (Av. Patagonia entre Av. La Paz y Av. Paysand\u00fa); en plazoleta Los Inmigrantes del barrio Ber\u00f3n de Astrada (Ac Correa Fern\u00e1ndez y Av. Sarmiento); y en plaza Vecinal del barrio Jard\u00edn (Los Gladiolos y Las Cal\u00e9ndulas). \u00a0<br><br>El recorrido continuar\u00e1 el s\u00e1bado 13, de 8 a 13, por la calle Pil\u00fa G\u00f3mez y Jos\u00e9 Rol\u00f3n, en el parque Mitre. En tanto que el domingo 14, \u00fanico d\u00eda que se desarrolla en el horario extendido de 10 a 22, habr\u00e1 puesteros en el Paseo Arazaty que ofrecer\u00e1n plantas ornamentales, ofertas gastron\u00f3micas, artesan\u00edas y manualidades.\u00a0<br><br>CRONOGRAMA\u00a0<br><br>Martes 9 de mayo: plaza Libertad y plazoleta Los Amigos (barrio Libertad)\u00a0<br><br>Mi\u00e9rcoles 10 de mayo: plaza Torrent (barrio Centro) y plazoleta Evita (barrio Ber\u00f3n de Astrada)\u00a0<br><br>Jueves 11 de mayo: plaza Torrent (barrio Centro)\u00a0<br><br>Viernes 12 de mayo: plaza Torrent (barrio Centro), plaza Rep\u00fablica del Per\u00fa (barrio Mil Viviendas), plazoleta Los Inmigrantes (barrio Ber\u00f3n de Astrada), plaza Vecinal (barrio Jard\u00edn).\u00a0<br><br>S\u00e1bado 13: parque Mitre\u00a0<br><br>Domingo 14: Paseo Arazaty<\/p>\n","protected":false},"excerpt":{"rendered":"<p>Del martes 9 al domingo 14 de mayo, de 8 a 13, la Municipalidad tiene previsto el habitual desembarco de los feriantes capitalinos en distintos espacios p\u00fablicos de la ciudad.&hellip; <\/p>\n","protected":false},"author":1,"featured_media":58987,"comment_status":"closed","ping_status":"open","sticky":false,"template":"","format":"standard","meta":{"footnotes":""},"categories":[17],"tags":[],"class_list":["post-58970","post","type-post","status-publish","format-standard","has-post-thumbnail","hentry","category-sociales"],"_links":{"self":[{"href":"https:\/\/corrientesdetarde.com\/index.php\/wp-json\/wp\/v2\/posts\/58970","targetHints":{"allow":["GET"]}}],"collection":[{"href":"https:\/\/corrientesdetarde.com\/index.php\/wp-json\/wp\/v2\/posts"}],"about":[{"href":"https:\/\/corrientesdetarde.com\/index.php\/wp-json\/wp\/v2\/types\/post"}],"author":[{"embeddable":true,"href":"https:\/\/corrientesdetarde.com\/index.php\/wp-json\/wp\/v2\/users\/1"}],"replies":[{"embeddable":true,"href":"https:\/\/corrientesdetarde.com\/index.php\/wp-json\/wp\/v2\/comments?post=58970"}],"version-history":[{"count":1,"href":"https:\/\/corrientesdetarde.com\/index.php\/wp-json\/wp\/v2\/posts\/58970\/revisions"}],"predecessor-version":[{"id":58991,"href":"https:\/\/corrientesdetarde.com\/index.php\/wp-json\/wp\/v2\/posts\/58970\/revisions\/58991"}],"wp:featuredmedia":[{"embeddable":true,"href":"https:\/\/corrientesdetarde.com\/index.php\/wp-json\/wp\/v2\/media\/58987"}],"wp:attachment":[{"href":"https:\/\/corrientesdetarde.com\/index.php\/wp-json\/wp\/v2\/media?parent=58970"}],"wp:term":[{"taxonomy":"category","embeddable":true,"href":"https:\/\/corrientesdetarde.com\/index.php\/wp-json\/wp\/v2\/categories?post=58970"},{"taxonomy":"post_tag","embeddable":true,"href":"https:\/\/corrientesdetarde.com\/index.php\/wp-json\/wp\/v2\/tags?post=58970"}],"curies":[{"name":"wp","href":"https:\/\/api.w.org\/{rel}","templated":true}]}}