{"id":58988,"date":"2023-05-06T21:42:00","date_gmt":"2023-05-07T00:42:00","guid":{"rendered":"https:\/\/corrientesdetarde.com\/?p=58988"},"modified":"2023-05-06T15:03:15","modified_gmt":"2023-05-06T18:03:15","slug":"apple-y-google-se-unen-para-combatir-el-lado-toxico-de-los-rastreadores-de-objetos","status":"publish","type":"post","link":"https:\/\/corrientesdetarde.com\/index.php\/tecnologia\/apple-y-google-se-unen-para-combatir-el-lado-toxico-de-los-rastreadores-de-objetos\/","title":{"rendered":"Apple y Google se unen para combatir el \u201clado t\u00f3xico\u201d de los rastreadores de objetos"},"content":{"rendered":"\n<p>Las compa\u00f1\u00edas, rivales en el mercado tecnol\u00f3gico, se aliaron con la intenci\u00f3n de frenar el seguimiento a personas que propician dispositivos como el AirTag.<\/p>\n\n\n\n<p>\u00bf<strong>Apple\u00a0y Google\u00a0<\/strong>unidos en una misma iniciativa? Estas compa\u00f1\u00edas estadounidenses, que compiten en m\u00faltiples segmentos de la industria tecnol\u00f3gica, se asociaron para ofrecer soluciones a una problem\u00e1tica vinculada a los\u00a0<strong>rastreadores de objetos como AirTag<\/strong>, que en ocasiones son empleados para perseguir y acosar a terceros. En un comunicado anunciaron una \u201ciniciativa para una especificaci\u00f3n que aborde el\u00a0<strong>seguimiento no deseado<\/strong>\u201d, invitando a otras firmas a adoptar los nuevos est\u00e1ndares.<\/p>\n\n\n\n<h2 class=\"wp-block-heading\">Apple y Google quieren frenar el \u201clado t\u00f3xico\u201d de los dispositivos como AirTag<\/h2>\n\n\n\n<p>El\u00a0Apple AirTag\u00a0es el emblema en esta categor\u00eda. Se trata de un dispositivo peque\u00f1o, con forma circular, que habitualmente\u00a0<strong>se coloca en llaveros, bolsos y otros objetos para encontrarlos cuando se pierden<\/strong>\u00a0gracias a su v\u00ednculo v\u00eda Bluetooth con los celulares, a trav\u00e9s de la aplicaci\u00f3n \u201cFind My\u201d.<\/p>\n\n\n\n<figure class=\"wp-block-image\"><img decoding=\"async\" src=\"https:\/\/tn.com.ar\/resizer\/KbGYjMcRj9zteljJ9SJq3lGrU4s=\/767x0\/smart\/filters:format(webp)\/cloudfront-us-east-1.images.arcpublishing.com\/artear\/E7RCOGXVTNCV7HIATXC2DPOWMY.jpg\" alt=\"El Apple AirTag es \u00fatil para encontrar objetos perdidos, pero tambi\u00e9n se us\u00f3 en caso de acoso. (Foto: Adobe Stock)\"\/><figcaption>El Apple AirTag es \u00fatil para encontrar objetos perdidos, pero tambi\u00e9n se us\u00f3 en caso de acoso. (Foto: Adobe Stock)<\/figcaption><\/figure>\n\n\n\n<p>Pero adem\u00e1s de los muchos\u00a0beneficios de los rastreadores de objetos como AirTag, desde que estos productos aparecieron en el mercado se registraron numerosos usos\u00a0<em>non sanctos<\/em>. Desde el seguimiento de v\u00edctimas de robos, pasando por invasiones a la privacidad, hasta\u00a0<strong>personas que procuran descubrir sin consentimiento la ubicaci\u00f3n de terceros<\/strong>. En esos casos, la mec\u00e1nica es sencilla: aquel que husmea esconde el peque\u00f1o dispositivo en alg\u00fan elemento que lleva la parte espiada, por ejemplo en una mochila o en su auto.<\/p>\n\n\n\n<p>Tantos fueron los inconvenientes asociados a esas pr\u00e1cticas, que\u00a0un grupo de legisladores en Estados Unidos present\u00f3 el a\u00f1o pasado un proyecto de ley que procura frenar el acecho con el AirTag de Apple. Esa iniciativa se dio a conocer luego de informes que expusieron un bache legal en relaci\u00f3n a las personas que\u00a0<em>stalkean<\/em>\u00a0a terceros con dispositivos de esta especie.<\/p>\n\n\n\n<h2 class=\"wp-block-heading\">Alerta, AirTag: \u00bfcu\u00e1l es el plan de Apple y Google para detener los usos abusivos?<\/h2>\n\n\n\n<p>La idea de las compa\u00f1\u00edas es desarrollar conjuntamente una&nbsp;<strong>actualizaci\u00f3n de la tecnolog\u00eda Bluetooth que advierta al usuario que lleva un rastreador&nbsp;<\/strong>que no es de su propiedad. Ese cambio se aplicar\u00e1 tanto en iOS de Apple como en Android de Google.<\/p>\n\n\n\n<p>La actualizaci\u00f3n estar\u00e1 lista a finales del a\u00f1o en curso. No s\u00f3lo servir\u00e1 para los AirTags de Apple, sin tambi\u00e9n con otros equipos con propuestas similares, como los que comercializan Samsung y Pebble.<\/p>\n\n\n\n<p>\u201cLanzamos AirTag para dar a los usuarios la tranquilidad de saber d\u00f3nde encontrar sus art\u00edculos m\u00e1s importantes\u201d, dijo Ron Huang, ejecutivo de Apple. \u201cLos desarrollamos con un conjunto de&nbsp;<strong>funciones proactivas para desalentar el seguimiento no deseado&nbsp;<\/strong>(&#8230;) y continuamos realizando mejoras para ayudar a garantizar que la tecnolog\u00eda se utilice seg\u00fan lo previsto. Esta nueva especificaci\u00f3n de la industria se basa en las protecciones de AirTag y, a trav\u00e9s de la colaboraci\u00f3n con Google, da como resultado un paso fundamental para ayudar a combatir el seguimiento no deseado en iOS y Android\u201d, cerr\u00f3.<\/p>\n","protected":false},"excerpt":{"rendered":"<p>Las compa\u00f1\u00edas, rivales en el mercado tecnol\u00f3gico, se aliaron con la intenci\u00f3n de frenar el seguimiento a personas que propician dispositivos como el AirTag. \u00bfApple\u00a0y Google\u00a0unidos en una misma iniciativa?&hellip; <\/p>\n","protected":false},"author":1,"featured_media":59005,"comment_status":"closed","ping_status":"open","sticky":false,"template":"","format":"standard","meta":{"footnotes":""},"categories":[24],"tags":[],"class_list":["post-58988","post","type-post","status-publish","format-standard","has-post-thumbnail","hentry","category-tecnologia"],"_links":{"self":[{"href":"https:\/\/corrientesdetarde.com\/index.php\/wp-json\/wp\/v2\/posts\/58988","targetHints":{"allow":["GET"]}}],"collection":[{"href":"https:\/\/corrientesdetarde.com\/index.php\/wp-json\/wp\/v2\/posts"}],"about":[{"href":"https:\/\/corrientesdetarde.com\/index.php\/wp-json\/wp\/v2\/types\/post"}],"author":[{"embeddable":true,"href":"https:\/\/corrientesdetarde.com\/index.php\/wp-json\/wp\/v2\/users\/1"}],"replies":[{"embeddable":true,"href":"https:\/\/corrientesdetarde.com\/index.php\/wp-json\/wp\/v2\/comments?post=58988"}],"version-history":[{"count":1,"href":"https:\/\/corrientesdetarde.com\/index.php\/wp-json\/wp\/v2\/posts\/58988\/revisions"}],"predecessor-version":[{"id":59006,"href":"https:\/\/corrientesdetarde.com\/index.php\/wp-json\/wp\/v2\/posts\/58988\/revisions\/59006"}],"wp:featuredmedia":[{"embeddable":true,"href":"https:\/\/corrientesdetarde.com\/index.php\/wp-json\/wp\/v2\/media\/59005"}],"wp:attachment":[{"href":"https:\/\/corrientesdetarde.com\/index.php\/wp-json\/wp\/v2\/media?parent=58988"}],"wp:term":[{"taxonomy":"category","embeddable":true,"href":"https:\/\/corrientesdetarde.com\/index.php\/wp-json\/wp\/v2\/categories?post=58988"},{"taxonomy":"post_tag","embeddable":true,"href":"https:\/\/corrientesdetarde.com\/index.php\/wp-json\/wp\/v2\/tags?post=58988"}],"curies":[{"name":"wp","href":"https:\/\/api.w.org\/{rel}","templated":true}]}}