{"id":58990,"date":"2023-05-06T20:42:00","date_gmt":"2023-05-06T23:42:00","guid":{"rendered":"https:\/\/corrientesdetarde.com\/?p=58990"},"modified":"2023-05-06T14:52:29","modified_gmt":"2023-05-06T17:52:29","slug":"cuanto-gasta-javier-milei-en-su-campana-en-redes-sociales-para-las-elecciones-2023-2","status":"publish","type":"post","link":"https:\/\/corrientesdetarde.com\/index.php\/economia\/cuanto-gasta-javier-milei-en-su-campana-en-redes-sociales-para-las-elecciones-2023-2\/","title":{"rendered":"Cu\u00e1nto gasta Javier Milei en su campa\u00f1a en redes sociales para las elecciones 2023"},"content":{"rendered":"\n<p>El candidato presidencial de La Libertad Avanza busca consagrarse en la contienda electoral y llegar a la Casa Rosada en diciembre de este a\u00f1o. Por eso, cuenta con una particular estrategia para dar a conocer sus propuestas.<\/p>\n\n\n\n<p>El 24 de junio se oficializar\u00e1n las listas para las\u00a0<strong>elecciones presidenciales 2023<\/strong>\u00a0y los candidatos de las diversas fuerzas saldr\u00e1n con los tapones de punta para dar a conocer sus ideas y propuestas a trav\u00e9s de todas las v\u00edas de comunicaci\u00f3n.<\/p>\n\n\n\n<p>Mientras tanto, las redes sociales, principalmente&nbsp;<strong>Facebook e Instagram<\/strong>&nbsp;van canalizando el contenido que proponen las figuras pol\u00edticas que ya se lanzaron para ocupar el sill\u00f3n de Rivadavia.<\/p>\n\n\n\n<figure class=\"wp-block-image\"><img decoding=\"async\" src=\"https:\/\/tn.com.ar\/resizer\/oNkikceZF-pjoOJY6C9rvsPFLH8=\/767x0\/smart\/filters:format(webp)\/cloudfront-us-east-1.images.arcpublishing.com\/artear\/Z234SXE6DFFSHAA3KVIHOWSMUM.jpg\" alt=\"Javier Mieli en A dos Voces.\"\/><figcaption>Javier Mieli en A dos Voces.<\/figcaption><\/figure>\n\n\n\n<h2 class=\"wp-block-heading\">Elecciones presidenciales 2023: los candidatos que m\u00e1s gastan en redes sociales<\/h2>\n\n\n\n<p>Actualmente el jefe de Gobierno porte\u00f1o,&nbsp;<strong>Horacio Rodr\u00edguez Larreta&nbsp;<\/strong>encabeza la lista de candidatos que m\u00e1s dinero gastan en redes sociales, con m\u00e1s de 4 millones de pesos en Facebook e Instagram, le sigue su rival de interna la presidenta del PRO,&nbsp;<strong>Patricia Bullrich<\/strong>&nbsp;con m\u00e1s de 300.000 pesos en ambas plataformas. Los datos se desprenden de&nbsp;<em>Meta<\/em>&nbsp;que administra estas dos redes.<\/p>\n\n\n\n<h2 class=\"wp-block-heading\">Elecciones presidenciales 2023: cu\u00e1nto gasta Javier Milei en redes sociales<\/h2>\n\n\n\n<p>El<strong>\u00a0diputado nacional por La Libertad Avanza, Javier Milei,\u00a0<\/strong>no gast\u00f3 un solo peso para difundir sus propuestas en ambas redes sociales. Tampoco tiene una cuenta de Facebook confirmada.<\/p>\n\n\n\n<figure class=\"wp-block-image size-full\"><img loading=\"lazy\" decoding=\"async\" width=\"573\" height=\"959\" src=\"https:\/\/corrientesdetarde.com\/wp-content\/uploads\/2023\/05\/image-163.png\" alt=\"\" class=\"wp-image-58999\" srcset=\"https:\/\/corrientesdetarde.com\/wp-content\/uploads\/2023\/05\/image-163.png 573w, https:\/\/corrientesdetarde.com\/wp-content\/uploads\/2023\/05\/image-163-179x300.png 179w\" sizes=\"auto, (max-width: 573px) 100vw, 573px\" \/><\/figure>\n\n\n\n<figure class=\"wp-block-image size-full\"><img loading=\"lazy\" decoding=\"async\" width=\"628\" height=\"180\" src=\"https:\/\/corrientesdetarde.com\/wp-content\/uploads\/2023\/05\/image-164.png\" alt=\"\" class=\"wp-image-59000\" srcset=\"https:\/\/corrientesdetarde.com\/wp-content\/uploads\/2023\/05\/image-164.png 628w, https:\/\/corrientesdetarde.com\/wp-content\/uploads\/2023\/05\/image-164-300x86.png 300w\" sizes=\"auto, (max-width: 628px) 100vw, 628px\" \/><\/figure>\n\n\n\n<h2 class=\"wp-block-heading\">Elecciones presidenciales 2023: c\u00f3mo es el calendario<\/h2>\n\n\n\n<p>El calendario para las elecciones presidenciales 2023 inicia con las&nbsp;<strong>PASO (Primarias, Abiertas, Simult\u00e1neas y Obligatorias)&nbsp;<\/strong>el 13 de agosto, luego vendr\u00e1n las elecciones generales el 22 de octubre.<\/p>\n\n\n\n<p>En el caso de desarrollarse una segunda vuelta o balotaje ser\u00e1 el 19 de noviembre para que finalmente el 10 de diciembre asuma el presidente electo.<\/p>\n","protected":false},"excerpt":{"rendered":"<p>El candidato presidencial de La Libertad Avanza busca consagrarse en la contienda electoral y llegar a la Casa Rosada en diciembre de este a\u00f1o. Por eso, cuenta con una particular&hellip; <\/p>\n","protected":false},"author":1,"featured_media":59001,"comment_status":"closed","ping_status":"open","sticky":false,"template":"","format":"standard","meta":{"footnotes":""},"categories":[20],"tags":[],"class_list":["post-58990","post","type-post","status-publish","format-standard","has-post-thumbnail","hentry","category-economia"],"_links":{"self":[{"href":"https:\/\/corrientesdetarde.com\/index.php\/wp-json\/wp\/v2\/posts\/58990","targetHints":{"allow":["GET"]}}],"collection":[{"href":"https:\/\/corrientesdetarde.com\/index.php\/wp-json\/wp\/v2\/posts"}],"about":[{"href":"https:\/\/corrientesdetarde.com\/index.php\/wp-json\/wp\/v2\/types\/post"}],"author":[{"embeddable":true,"href":"https:\/\/corrientesdetarde.com\/index.php\/wp-json\/wp\/v2\/users\/1"}],"replies":[{"embeddable":true,"href":"https:\/\/corrientesdetarde.com\/index.php\/wp-json\/wp\/v2\/comments?post=58990"}],"version-history":[{"count":1,"href":"https:\/\/corrientesdetarde.com\/index.php\/wp-json\/wp\/v2\/posts\/58990\/revisions"}],"predecessor-version":[{"id":59002,"href":"https:\/\/corrientesdetarde.com\/index.php\/wp-json\/wp\/v2\/posts\/58990\/revisions\/59002"}],"wp:featuredmedia":[{"embeddable":true,"href":"https:\/\/corrientesdetarde.com\/index.php\/wp-json\/wp\/v2\/media\/59001"}],"wp:attachment":[{"href":"https:\/\/corrientesdetarde.com\/index.php\/wp-json\/wp\/v2\/media?parent=58990"}],"wp:term":[{"taxonomy":"category","embeddable":true,"href":"https:\/\/corrientesdetarde.com\/index.php\/wp-json\/wp\/v2\/categories?post=58990"},{"taxonomy":"post_tag","embeddable":true,"href":"https:\/\/corrientesdetarde.com\/index.php\/wp-json\/wp\/v2\/tags?post=58990"}],"curies":[{"name":"wp","href":"https:\/\/api.w.org\/{rel}","templated":true}]}}