{"id":59019,"date":"2023-05-07T08:37:06","date_gmt":"2023-05-07T11:37:06","guid":{"rendered":"https:\/\/corrientesdetarde.com\/?p=59019"},"modified":"2023-05-07T08:37:10","modified_gmt":"2023-05-07T11:37:10","slug":"la-inflacion-se-acelera-y-los-gremios-presionan-para-reabrir-paritarias","status":"publish","type":"post","link":"https:\/\/corrientesdetarde.com\/index.php\/politica\/la-inflacion-se-acelera-y-los-gremios-presionan-para-reabrir-paritarias\/","title":{"rendered":"La inflaci\u00f3n se acelera y los gremios presionan para reabrir paritarias"},"content":{"rendered":"\n<p>En medio de la escalada inflacionaria,&nbsp;<strong>gremios que engloban a los sectores m\u00e1s importantes del mercado laboral reclaman adelantar los tramos<\/strong>&nbsp;de aumentos previstos para m\u00e1s adelante y cerrados hace apenas semanas, mientras otros buscan acuerdos salariales trimestrales y la reapertura de paritarias.<\/p>\n\n\n\n<p>Para estas negociaciones,&nbsp;<strong>ser\u00e1 clave el \u00edndice de abril que el INDEC difundir\u00e1 el viernes pr\u00f3ximo, que volver\u00eda a ubicarse por encima del 7%.<\/strong><\/p>\n\n\n\n<p>Entre los sindicatos que pugnan por reabrir negociaciones se anotan estatales nacionales y de la provincia de Buenos Aires, y Alimentaci\u00f3n.<\/p>\n\n\n\n<p>Adem\u00e1s, choferes de colectivos enrolados en la UTA<strong>&nbsp;iniciaron mayo con fuerte presi\u00f3n para que recuperar el poder de compra de los salarios<\/strong>&nbsp;contra la incesante suba de precios.<\/p>\n\n\n\n<p>Por su parte,&nbsp;<strong>La Bancaria apur\u00f3 una revisi\u00f3n ante el encarecimiento permanente en el costo de vida<\/strong>&nbsp;y el prejuicio hacia los asalariados del sector, pese al incremento pactado por cinco meses hace menos de dos meses.<\/p>\n\n\n\n<p>Los estatales agrupados en UPCN y ATE&nbsp;<strong>reclaman aumentos m\u00e1s altos y por plazos m\u00e1s cortos<\/strong>&nbsp;en la negociaci\u00f3n por el nuevo a\u00f1o paritario.<\/p>\n\n\n\n<p><strong>ATE rechaz\u00f3 por primera vez durante el gobierno de Alberto Fern\u00e1ndez la suba ofrecida por los funcionarios nacionales,<\/strong>&nbsp;que sumaron 5,5% de alza para mayo para cerrar la paritaria 2022 en 107,8%.<\/p>\n\n\n\n<p>El otro sindicato del sector, UPCN que lidera Andr\u00e9s Rodr\u00edguez, acept\u00f3 la propuesta.<\/p>\n\n\n\n<p>En el caso de los estatales bonaerenses se reunieron el mi\u00e9rcoles con funcionarios del gobierno bonaerense por la cl\u00e1usula de revisi\u00f3n incorporada en el acuerdo, pactado apenas en marzo.<\/p>\n\n\n\n<p>El gremio pidi\u00f3 la actualizaci\u00f3n &#8220;urgente&#8221; de los salarios antes la suba de precios que afect\u00f3 los aumentos fijados con anterioridad.<\/p>\n\n\n\n<p>Los gremios estatales solicitaron el adelantamiento para mayo y julio del aumento del 14% previsto para junio y agosto.<\/p>\n\n\n\n<p>De esta manera, los trabajadores estatales percibir\u00e1n en los sueldos de mayo un incremento total de 20%, por la suma del porcentaje adelantado y lo previsto para ese mes, que rondaba una suba del 6%.<\/p>\n\n\n\n<p>Desde La Bancaria pidieron la revisi\u00f3n del acuerdo salarial firmado el 17 de marzo. Desde el Ministerio de Trabajo convocaron a una audiencia entre el sindicato liderado por Sergio Palazzo y las empresas para el lunes 15 de mayo.<\/p>\n\n\n\n<p>En la primera reuni\u00f3n paritaria, que se llev\u00f3 a mediados de marzo, lograron un incremento salarial del 32,5% en cuatro tramos para el per\u00edodo que va de enero hasta mayo y sumar un bono compensatorio por el pago del Impuesto a las Ganancias seg\u00fan la escala salarial, cuyo primer pago est\u00e1 previsto para este mes y el otro para septiembre.<\/p>\n\n\n\n<p>El lunes 15 de mayo, los trabajadores bancarios tendr\u00e1n una segunda ronda paritaria.&nbsp;Otro sector que sesent\u00f3 a la mesa de las negociaciones paritarias fue el gremio de la Alimentaci\u00f3n.<\/p>\n\n\n\n<p>Los dirigentes sindicales y empresarios del sector mantuvieron una reuni\u00f3n por las paritarias del 2023\/24.&nbsp;Los representantes de la Federaci\u00f3n Trabajadores de Industrias de la Alimentaci\u00f3n (FTIA) pidieron un acuerdo trimestral por el aumento de precios.<\/p>\n\n\n\n<p>Los empresarios que solicitaron cerrar una pauta salarial anual, que fue rechazado por la Federaci\u00f3n.&nbsp;Las conversaciones hab\u00edan comenzado en la \u00faltima semana de abril, donde la FTIA plante\u00f3 aumentos salariales y la posibilidad de adecuar condiciones generales del convenio colectivo, referidas a guarder\u00eda, licencia parental, adicional por trabajo en altura, igualdad de categor\u00edas, adicional por dispositivos productivos digitales e impuesto a las Ganancias, entre otros.<\/p>\n\n\n\n<p>En medio de amenazas de llevar adelante un nuevo paro de colectivos, los choferes de corta y media distancia representados por la Uni\u00f3n Tranviarios Automotor (UTA) negocia por estos d\u00edas un aumento adicional y una suma fija ante la escalada inflacionaria.<\/p>\n\n\n\n<p>Si bien el gremio y las empresas acordaron un incremento de 37% por siete meses (10% para enero, 10% para febrero y 7% para mayo), los comandados por Roberto Fern\u00e1ndez buscan que el acuerdo se renueve con mejores ingresos dos meses de lo previsto.<\/p>\n","protected":false},"excerpt":{"rendered":"<p>En medio de la escalada inflacionaria,&nbsp;gremios que engloban a los sectores m\u00e1s importantes del mercado laboral reclaman adelantar los tramos&nbsp;de aumentos previstos para m\u00e1s adelante y cerrados hace apenas semanas,&hellip; <\/p>\n","protected":false},"author":4,"featured_media":59026,"comment_status":"closed","ping_status":"open","sticky":false,"template":"","format":"standard","meta":{"footnotes":""},"categories":[3],"tags":[],"class_list":["post-59019","post","type-post","status-publish","format-standard","has-post-thumbnail","hentry","category-politica"],"_links":{"self":[{"href":"https:\/\/corrientesdetarde.com\/index.php\/wp-json\/wp\/v2\/posts\/59019","targetHints":{"allow":["GET"]}}],"collection":[{"href":"https:\/\/corrientesdetarde.com\/index.php\/wp-json\/wp\/v2\/posts"}],"about":[{"href":"https:\/\/corrientesdetarde.com\/index.php\/wp-json\/wp\/v2\/types\/post"}],"author":[{"embeddable":true,"href":"https:\/\/corrientesdetarde.com\/index.php\/wp-json\/wp\/v2\/users\/4"}],"replies":[{"embeddable":true,"href":"https:\/\/corrientesdetarde.com\/index.php\/wp-json\/wp\/v2\/comments?post=59019"}],"version-history":[{"count":1,"href":"https:\/\/corrientesdetarde.com\/index.php\/wp-json\/wp\/v2\/posts\/59019\/revisions"}],"predecessor-version":[{"id":59027,"href":"https:\/\/corrientesdetarde.com\/index.php\/wp-json\/wp\/v2\/posts\/59019\/revisions\/59027"}],"wp:featuredmedia":[{"embeddable":true,"href":"https:\/\/corrientesdetarde.com\/index.php\/wp-json\/wp\/v2\/media\/59026"}],"wp:attachment":[{"href":"https:\/\/corrientesdetarde.com\/index.php\/wp-json\/wp\/v2\/media?parent=59019"}],"wp:term":[{"taxonomy":"category","embeddable":true,"href":"https:\/\/corrientesdetarde.com\/index.php\/wp-json\/wp\/v2\/categories?post=59019"},{"taxonomy":"post_tag","embeddable":true,"href":"https:\/\/corrientesdetarde.com\/index.php\/wp-json\/wp\/v2\/tags?post=59019"}],"curies":[{"name":"wp","href":"https:\/\/api.w.org\/{rel}","templated":true}]}}