{"id":59021,"date":"2023-05-07T08:21:01","date_gmt":"2023-05-07T11:21:01","guid":{"rendered":"https:\/\/corrientesdetarde.com\/?p=59021"},"modified":"2023-05-07T08:21:04","modified_gmt":"2023-05-07T11:21:04","slug":"larreta-me-gustaria-un-debate-con-cristina-para-debatir-el-fracaso-de-este-modelo","status":"publish","type":"post","link":"https:\/\/corrientesdetarde.com\/index.php\/politica\/larreta-me-gustaria-un-debate-con-cristina-para-debatir-el-fracaso-de-este-modelo\/","title":{"rendered":"Larreta: &#8220;Me gustar\u00eda un debate con Cristina para debatir el fracaso de este modelo&#8221;"},"content":{"rendered":"\n<p>Horacio Rodr\u00edguez Larreta desafi\u00f3 a la vicepresidenta, Cristina Kirchner, a debatir &#8220;el fracaso de este modelo&#8221; de gobierno y ningune\u00f3 al referente libertario Javier Milei.<\/p>\n\n\n\n<p>El precandidato presidencial del PRO&nbsp;<strong>Horacio Rodr\u00edguez Larreta desafi\u00f3 a la vicepresidenta, Cristina Kirchner,<\/strong>&nbsp;a debatir &#8220;el fracaso de este modelo&#8221; de gobierno y ningune\u00f3 al referente libertario Javier Milei al afirmar que no lo conoce.<\/p>\n\n\n\n<p><strong>&#8220;Me gustar\u00eda discutir con ella, un debate con Cristina Kirchner para debatir el fracaso de este modelo<\/strong>. La gente quiere un cambio.&nbsp;El Gobierno fracas\u00f3&#8221;, sostuvo el jefe de Gobierno porte\u00f1o.<\/p>\n\n\n\n<p>En declaraciones radiales, el referente opositor asegur\u00f3 que &#8220;este Gobierno es impredecible, no hay un rumbo claro, un plan:&nbsp;<strong>se despiertan a la ma\u00f1ana y ven qu\u00e9 hacen&#8221;.<\/strong><\/p>\n\n\n\n<p>&#8220;Proyectar, pronosticar con este Gobierno es un problema.&nbsp;Parche tras parche. El Gobierno de Alberto Fern\u00e1ndez y Cristina Kirchner fracas\u00f3&#8221;, lanz\u00f3.<\/p>\n\n\n\n<p>Asimismo, al ser consultado sobre la figura de Javier Milei, cuyo crecimiento genera temores tanto en el Frente de Todos como en Juntos por el Cambio, Rodr\u00edguez Larreta respondi\u00f3:<strong>&nbsp;&#8220;No lo conozco. Lo cruc\u00e9 una vez en mi vida&#8221;.<\/strong><\/p>\n\n\n\n<p>Adem\u00e1s, el postulante presidencial se refiri\u00f3 a la interna de la alianza opositora y remarc\u00f3 que &#8220;la gente va a elegir en las PASO. Hay un proceso democr\u00e1tico, donde la gente vota y elige. \u00c9se es el camino&#8221;.<\/p>\n\n\n\n<p>El referente del PRO tambi\u00e9n coment\u00f3 que todav\u00eda no tiene definido qui\u00e9n lo acompa\u00f1ar\u00e1 en la f\u00f3rmula para las elecciones Primarias, Abiertas, Simult\u00e1neas y Obligatorias (PASO): &#8220;No tengo el nombre todav\u00eda. Puede ser de mi partido o de otro de los de Juntos por el Cambio. Va a ser alguien de Juntos por el Cambio, porque creo en la unidad&#8221;.<\/p>\n\n\n\n<p>Consultado sobre si le cay\u00f3 mal el encuentro que mantuvo la diputada nacional Mar\u00eda Eugenia Vidal con la tambi\u00e9n precandidata Patricia Bullrich, Rodr\u00edguez Larreta se\u00f1al\u00f3: &#8220;\u00bfC\u00f3mo me va a molestar una foto? Son dirigentes de Juntos por el Cambio, trabajamos juntos hace a\u00f1os&#8221;.<\/p>\n\n\n\n<p>El jefe de Gobierno porte\u00f1o tambi\u00e9n se refiri\u00f3 a las elecciones de la Ciudad y asegur\u00f3 que va a &#8220;acompa\u00f1ar a un candidato del PRO&#8221;.<\/p>\n\n\n\n<p>Respecto a la situaci\u00f3n econ\u00f3mica del pa\u00eds, el referente opositor alert\u00f3 que &#8220;la situaci\u00f3n hoy ya es desesperante&#8221;.<\/p>\n\n\n\n<p>&#8220;Pareciera que estamos b\u00e1rbaros y que puede explotar en un tiempo: ya hoy explot\u00f3&#8221;, a\u00f1adi\u00f3.<\/p>\n\n\n\n<p>Al ser consultado sobre si llevar adelante las reformas que planea tendr\u00e1 un costo, respondi\u00f3: &#8220;El costo que ya est\u00e1n pagando millones de argentinos es enorme&#8221;.<\/p>\n\n\n\n<p>Finalmente, tras su encuentro con la mesa chica de la CGT, Rodr\u00edguez Larreta ratific\u00f3 que &#8220;la Argentina necesita una transformaci\u00f3n laboral enorme&#8221;.<\/p>\n","protected":false},"excerpt":{"rendered":"<p>Horacio Rodr\u00edguez Larreta desafi\u00f3 a la vicepresidenta, Cristina Kirchner, a debatir &#8220;el fracaso de este modelo&#8221; de gobierno y ningune\u00f3 al referente libertario Javier Milei. El precandidato presidencial del PRO&nbsp;Horacio&hellip; <\/p>\n","protected":false},"author":4,"featured_media":59022,"comment_status":"closed","ping_status":"open","sticky":false,"template":"","format":"standard","meta":{"footnotes":""},"categories":[3],"tags":[],"class_list":["post-59021","post","type-post","status-publish","format-standard","has-post-thumbnail","hentry","category-politica"],"_links":{"self":[{"href":"https:\/\/corrientesdetarde.com\/index.php\/wp-json\/wp\/v2\/posts\/59021","targetHints":{"allow":["GET"]}}],"collection":[{"href":"https:\/\/corrientesdetarde.com\/index.php\/wp-json\/wp\/v2\/posts"}],"about":[{"href":"https:\/\/corrientesdetarde.com\/index.php\/wp-json\/wp\/v2\/types\/post"}],"author":[{"embeddable":true,"href":"https:\/\/corrientesdetarde.com\/index.php\/wp-json\/wp\/v2\/users\/4"}],"replies":[{"embeddable":true,"href":"https:\/\/corrientesdetarde.com\/index.php\/wp-json\/wp\/v2\/comments?post=59021"}],"version-history":[{"count":1,"href":"https:\/\/corrientesdetarde.com\/index.php\/wp-json\/wp\/v2\/posts\/59021\/revisions"}],"predecessor-version":[{"id":59023,"href":"https:\/\/corrientesdetarde.com\/index.php\/wp-json\/wp\/v2\/posts\/59021\/revisions\/59023"}],"wp:featuredmedia":[{"embeddable":true,"href":"https:\/\/corrientesdetarde.com\/index.php\/wp-json\/wp\/v2\/media\/59022"}],"wp:attachment":[{"href":"https:\/\/corrientesdetarde.com\/index.php\/wp-json\/wp\/v2\/media?parent=59021"}],"wp:term":[{"taxonomy":"category","embeddable":true,"href":"https:\/\/corrientesdetarde.com\/index.php\/wp-json\/wp\/v2\/categories?post=59021"},{"taxonomy":"post_tag","embeddable":true,"href":"https:\/\/corrientesdetarde.com\/index.php\/wp-json\/wp\/v2\/tags?post=59021"}],"curies":[{"name":"wp","href":"https:\/\/api.w.org\/{rel}","templated":true}]}}