{"id":59028,"date":"2023-05-07T08:48:08","date_gmt":"2023-05-07T11:48:08","guid":{"rendered":"https:\/\/corrientesdetarde.com\/?p=59028"},"modified":"2023-05-07T08:48:30","modified_gmt":"2023-05-07T11:48:30","slug":"el-mensaje-de-patricia-bullrich-a-maria-eugenia-vidal","status":"publish","type":"post","link":"https:\/\/corrientesdetarde.com\/index.php\/politica\/el-mensaje-de-patricia-bullrich-a-maria-eugenia-vidal\/","title":{"rendered":"El mensaje de Patricia Bullrich a Mar\u00eda Eugenia Vidal"},"content":{"rendered":"\n<p>La exgobernadora de la Provincia de Buenos Aires descart\u00f3 ir por la precadidatura presidencial.<\/p>\n\n\n\n<p><strong>Patricia Bullrich<\/strong>\u00a0le dedic\u00f3 un mensaje a\u00a0<strong>Mar\u00eda Eugenia Vidal<\/strong>\u00a0este viernes, luego de que la exgobernadora de la Provincia de Buenos Aires informara que\u00a0<strong>no competir\u00e1 como precandidata a presidenta en las primarias de Juntos por el Cambio<\/strong>.<\/p>\n\n\n\n<p><em>&#8220;Querida Mar\u00eda Eugenia,<strong>\u00a0siempre valor\u00e9 el coraje que tuviste para enfrentar a las mafias cuando fuiste gobernadora<\/strong>. Ese es el camino. No podemos acordar con quienes son corresponsables de los problemas que sufrimos&#8221;<\/em>, escribi\u00f3 la presidenta del PRO en su cuenta de Twitter.<\/p>\n\n\n\n<figure class=\"wp-block-embed is-type-rich is-provider-twitter wp-block-embed-twitter\"><div class=\"wp-block-embed__wrapper\">\n<blockquote class=\"twitter-tweet\" data-width=\"550\" data-dnt=\"true\"><p lang=\"es\" dir=\"ltr\">Querida Mar\u00eda Eugenia, siempre valor\u00e9 el coraje que tuviste para enfrentar a las mafias cuando fuiste gobernadora. Ese es el camino. No podemos acordar con quienes son corresponsables de los problemas que sufrimos.<br><br>La lucha por el cambio real es a fondo y sin claudicaciones. <a href=\"https:\/\/t.co\/x40a9jp4ln\">pic.twitter.com\/x40a9jp4ln<\/a><\/p>&mdash; Patricia Bullrich (@PatoBullrich) <a href=\"https:\/\/twitter.com\/PatoBullrich\/status\/1654573557764988930?ref_src=twsrc%5Etfw\">May 5, 2023<\/a><\/blockquote><script async src=\"https:\/\/platform.twitter.com\/widgets.js\" charset=\"utf-8\"><\/script>\n<\/div><\/figure>\n\n\n\n<p>Bullrich acompa\u00f1\u00f3 su mensaje con una selfie juntas tomando un caf\u00e9 y cerr\u00f3:&nbsp;<em>&#8220;La lucha por el cambio real es a fondo y sin claudicaciones&#8221;.&nbsp;<\/em>El exmandatario,&nbsp;<strong>Mauricio Macri<\/strong>, apoy\u00f3 a la diputada es su decisi\u00f3n con un mensaje v\u00eda la misma red social.&nbsp;<\/p>\n\n\n\n<p>En su mensaje, destac\u00f3 su&nbsp;<strong>\u201cvalent\u00eda\u201d<\/strong>&nbsp;y<strong>&nbsp;\u201clealtad\u201d<\/strong>, adem\u00e1s de asegurar que no solo respeta su decisi\u00f3n, sino que tambi\u00e9n admiti\u00f3 que&nbsp;<strong>\u201cel futuro tiene un lugar\u201d<\/strong>&nbsp;para ella.<\/p>\n\n\n\n<p><em>\u201cMar\u00eda Eugenia, te conozco desde hace muchos a\u00f1os y te respeto desde siempre por tu integridad, tu valent\u00eda y tu lealtad a las personas y a las ideas\u201d<\/em>, expres\u00f3 el exmandatario en su cuenta de Twitter.<\/p>\n\n\n\n<p>Y continu\u00f3:<strong><em>&nbsp;\u201cPor eso la decisi\u00f3n que anunciaste hoy merece todo mi respeto. El futuro tiene un lugar para vos, siempre tendr\u00e1s mi apoyo\u201d.<\/em><\/strong><\/p>\n","protected":false},"excerpt":{"rendered":"<p>La exgobernadora de la Provincia de Buenos Aires descart\u00f3 ir por la precadidatura presidencial. Patricia Bullrich\u00a0le dedic\u00f3 un mensaje a\u00a0Mar\u00eda Eugenia Vidal\u00a0este viernes, luego de que la exgobernadora de la&hellip; <\/p>\n","protected":false},"author":4,"featured_media":59029,"comment_status":"closed","ping_status":"open","sticky":false,"template":"","format":"standard","meta":{"footnotes":""},"categories":[3],"tags":[],"class_list":["post-59028","post","type-post","status-publish","format-standard","has-post-thumbnail","hentry","category-politica"],"_links":{"self":[{"href":"https:\/\/corrientesdetarde.com\/index.php\/wp-json\/wp\/v2\/posts\/59028","targetHints":{"allow":["GET"]}}],"collection":[{"href":"https:\/\/corrientesdetarde.com\/index.php\/wp-json\/wp\/v2\/posts"}],"about":[{"href":"https:\/\/corrientesdetarde.com\/index.php\/wp-json\/wp\/v2\/types\/post"}],"author":[{"embeddable":true,"href":"https:\/\/corrientesdetarde.com\/index.php\/wp-json\/wp\/v2\/users\/4"}],"replies":[{"embeddable":true,"href":"https:\/\/corrientesdetarde.com\/index.php\/wp-json\/wp\/v2\/comments?post=59028"}],"version-history":[{"count":1,"href":"https:\/\/corrientesdetarde.com\/index.php\/wp-json\/wp\/v2\/posts\/59028\/revisions"}],"predecessor-version":[{"id":59030,"href":"https:\/\/corrientesdetarde.com\/index.php\/wp-json\/wp\/v2\/posts\/59028\/revisions\/59030"}],"wp:featuredmedia":[{"embeddable":true,"href":"https:\/\/corrientesdetarde.com\/index.php\/wp-json\/wp\/v2\/media\/59029"}],"wp:attachment":[{"href":"https:\/\/corrientesdetarde.com\/index.php\/wp-json\/wp\/v2\/media?parent=59028"}],"wp:term":[{"taxonomy":"category","embeddable":true,"href":"https:\/\/corrientesdetarde.com\/index.php\/wp-json\/wp\/v2\/categories?post=59028"},{"taxonomy":"post_tag","embeddable":true,"href":"https:\/\/corrientesdetarde.com\/index.php\/wp-json\/wp\/v2\/tags?post=59028"}],"curies":[{"name":"wp","href":"https:\/\/api.w.org\/{rel}","templated":true}]}}