{"id":59033,"date":"2023-05-07T08:56:24","date_gmt":"2023-05-07T11:56:24","guid":{"rendered":"https:\/\/corrientesdetarde.com\/?p=59033"},"modified":"2023-05-07T08:56:54","modified_gmt":"2023-05-07T11:56:54","slug":"gira-despedida-de-roger-waters-ya-tiene-fecha-su-show-en-river-donde-ya-hizo-historia","status":"publish","type":"post","link":"https:\/\/corrientesdetarde.com\/index.php\/espectaculos\/gira-despedida-de-roger-waters-ya-tiene-fecha-su-show-en-river-donde-ya-hizo-historia\/","title":{"rendered":"Gira despedida de Roger Waters: ya tiene fecha su show en River, donde ya hizo historia"},"content":{"rendered":"\n<p>En el marco de su gira despedida &#8220;This Is Not A Drill&#8221;, el artista brit\u00e1nico Roger Waters llegar\u00e1 a la Argentina el pr\u00f3ximo 21 de noviembre, para presentarse en el estadio de River Plate al que en marzo de 2012 llen\u00f3 nueve veces, estableciendo un r\u00e9cord que reci\u00e9n Coldplay pudo desbaratar tras m\u00e1s de una d\u00e9cada.<\/p>\n\n\n\n<p>Con apenas una nueva funci\u00f3n en el Monumental del barrio porte\u00f1o de N\u00fa\u00f1ez, el ex Pink Floyd llegar\u00e1 a su duod\u00e9cimo River e igualar\u00e1 la cantidad de estadios que ostenta la banda Rolling Stones como fruto de sus visitas al pa\u00eds.<\/p>\n\n\n\n<p>La intensa y encendida relaci\u00f3n de Waters con Argentina incluy\u00f3, en 2018, ser declarado Hu\u00e9sped de Honor de la Ciudad de Buenos Aires por la Legislatura porte\u00f1a, por su compromiso con la causa por la identificaci\u00f3n de los soldados argentinos ca\u00eddos en la Guerra de Malvinas.<\/p>\n\n\n\n<p>En la ocasi\u00f3n el m\u00fasico dijo: &#8220;Me esforc\u00e9 por golpear puertas en ambos gobiernos en representaci\u00f3n de las familias de los ca\u00eddos, pero todo el equipo (por el excombatiente Julio Aro, el coronel brit\u00e1nico Geoffrey Cardozo, la periodista Gabriela Cociffi, la comisi\u00f3n de Familiares de Ca\u00eddos en Malvinas y el Atl\u00e1ntico Sur y el comit\u00e9 internacional de Cruz Roja) nos la arreglamos para tirar por la borda la resistencia que hab\u00eda del otro lado del Atl\u00e1ntico&#8221;.<\/p>\n\n\n\n<p>Entonces tambi\u00e9n record\u00f3 que &#8220;escrib\u00ed un par de cartas a la presidenta de la comisi\u00f3n gobierno de Malvinas y le dije que tomara en cuenta las dificultades de los corazones de los seres humanos, le cont\u00e9 que mi abuelo y mi padre murieron en distintas guerras y c\u00f3mo fui testigo del dolor para mi abuela y mi madre, mujeres que nunca encontraron un lugar para ir a llorar a sus esposos&#8221;.<\/p>\n\n\n\n<p>Para este tour, el autor, cantante, guitarrista, bajista y pianista est\u00e1 acompa\u00f1ado por Jonathan Wilson en guitarra y voz, Dave Kilminster en guitarra y voz, Jon Carin en teclados, guitarra y voz, Gus Seyffert en bajo y voz, Robert Walter en teclados, Joey Waronker en bater\u00eda, Amanda Belair en voz y Seamus Blake con el saxo.<\/p>\n\n\n\n<p>Al frente de ese elenco, el m\u00fasico propone en &#8220;This Is Not a Drill&#8221; un espect\u00e1culo audiovisual conceptual con unas 20 canciones de Pink Floyd de los \u00e1lbumes &#8220;The Wall&#8221;, &#8220;Dark Side of the Moon&#8221;, &#8220;Animals&#8221; y &#8220;Wish You Were Here&#8221;, en una retrospectiva que alcanza a su presente con repertorio del m\u00e1s reciente &#8220;The Bar&#8221; (2022).<\/p>\n\n\n\n<p>Las localidades para el adi\u00f3s a Waters, quien el 6 de septiembre y en medio de su recorrida planetaria cumplir\u00e1 80 a\u00f1os, tendr\u00e1n una preventa por 48 horas desde el pr\u00f3ximo lunes y desde el mi\u00e9rcoles 10 podr\u00e1n adquirirse&nbsp;en forma online.<\/p>\n","protected":false},"excerpt":{"rendered":"<p>En el marco de su gira despedida &#8220;This Is Not A Drill&#8221;, el artista brit\u00e1nico Roger Waters llegar\u00e1 a la Argentina el pr\u00f3ximo 21 de noviembre, para presentarse en el&hellip; <\/p>\n","protected":false},"author":4,"featured_media":59035,"comment_status":"closed","ping_status":"open","sticky":false,"template":"","format":"standard","meta":{"footnotes":""},"categories":[19],"tags":[],"class_list":["post-59033","post","type-post","status-publish","format-standard","has-post-thumbnail","hentry","category-espectaculos"],"_links":{"self":[{"href":"https:\/\/corrientesdetarde.com\/index.php\/wp-json\/wp\/v2\/posts\/59033","targetHints":{"allow":["GET"]}}],"collection":[{"href":"https:\/\/corrientesdetarde.com\/index.php\/wp-json\/wp\/v2\/posts"}],"about":[{"href":"https:\/\/corrientesdetarde.com\/index.php\/wp-json\/wp\/v2\/types\/post"}],"author":[{"embeddable":true,"href":"https:\/\/corrientesdetarde.com\/index.php\/wp-json\/wp\/v2\/users\/4"}],"replies":[{"embeddable":true,"href":"https:\/\/corrientesdetarde.com\/index.php\/wp-json\/wp\/v2\/comments?post=59033"}],"version-history":[{"count":1,"href":"https:\/\/corrientesdetarde.com\/index.php\/wp-json\/wp\/v2\/posts\/59033\/revisions"}],"predecessor-version":[{"id":59034,"href":"https:\/\/corrientesdetarde.com\/index.php\/wp-json\/wp\/v2\/posts\/59033\/revisions\/59034"}],"wp:featuredmedia":[{"embeddable":true,"href":"https:\/\/corrientesdetarde.com\/index.php\/wp-json\/wp\/v2\/media\/59035"}],"wp:attachment":[{"href":"https:\/\/corrientesdetarde.com\/index.php\/wp-json\/wp\/v2\/media?parent=59033"}],"wp:term":[{"taxonomy":"category","embeddable":true,"href":"https:\/\/corrientesdetarde.com\/index.php\/wp-json\/wp\/v2\/categories?post=59033"},{"taxonomy":"post_tag","embeddable":true,"href":"https:\/\/corrientesdetarde.com\/index.php\/wp-json\/wp\/v2\/tags?post=59033"}],"curies":[{"name":"wp","href":"https:\/\/api.w.org\/{rel}","templated":true}]}}