{"id":59038,"date":"2023-05-07T09:26:19","date_gmt":"2023-05-07T12:26:19","guid":{"rendered":"https:\/\/corrientesdetarde.com\/?p=59038"},"modified":"2023-05-07T09:26:40","modified_gmt":"2023-05-07T12:26:40","slug":"anibal-fernandez-firmo-un-acuerdo-con-el-fbi-para-crear-un-equipo-de-trabajo-conjunto","status":"publish","type":"post","link":"https:\/\/corrientesdetarde.com\/index.php\/nacionales\/anibal-fernandez-firmo-un-acuerdo-con-el-fbi-para-crear-un-equipo-de-trabajo-conjunto\/","title":{"rendered":"An\u00edbal Fern\u00e1ndez firm\u00f3 un acuerdo con el FBI para crear un equipo de trabajo conjunto"},"content":{"rendered":"\n<p>Se crear\u00e1 un acuerdo entre las polic\u00edas de ambas fuerzas para llevar adelante cursos de capacitaci\u00f3n, provisi\u00f3n de equipamiento e intercambio de informaci\u00f3n.<\/p>\n\n\n\n<p>El ministro de Seguridad,<strong>&nbsp;An\u00edbal Fern\u00e1ndez<\/strong>, firm\u00f3 un acuerdo con la Oficina Federal de Investigaci\u00f3n (FBI) con el objetivo de crear un equipo de trabajo entre las fuerzas federales de ambos pa\u00edses para combatir el delito complejo.<\/p>\n\n\n\n<p>Lo hizo tras su paso por&nbsp;<strong>Washington<\/strong>, con el subdirector adjunto del bur\u00f3 federal de investigaciones,&nbsp;<strong>Jason Beachy.<\/strong><\/p>\n\n\n\n<p>El detalle del documento establece la creaci\u00f3n de un equipo de trabajo conjunto con las polic\u00edas de ambas naciones que incluye<strong>&nbsp;cursos de capacitaci\u00f3n, provisi\u00f3n de equipamiento e intercambio de informaci\u00f3n con el objetivo de mitigar delitos complejos de car\u00e1cter internacional como el narcotr\u00e1fico, el terrorismo, la trata de personas y el ciberdelito.<\/strong><\/p>\n\n\n\n<p>De esta forma, la&nbsp;<strong>Argentina ser\u00e1 el primer pa\u00eds de Am\u00e9rica Latina<\/strong>&nbsp;en conformar este equipo especial y en la misma l\u00ednea lo har\u00e1n Paraguay y Brasil, seg\u00fan revelaron fuentes del Ministerio de Seguridad, con foco en la seguridad regional.<\/p>\n\n\n\n<p>En el marco de su viaje por Estados Unidos,&nbsp;<strong>el ministro se reuni\u00f3 adem\u00e1s con el embajador de Estados Unidos, Mark Stanley<\/strong>, el d\u00eda anterior a la firma del acuerdo, con la intenci\u00f3n de avanzar en la agenda de trabajo conjunta en materia de seguridad.<\/p>\n\n\n\n<p>En ocasi\u00f3n del InterAmerican Dialogue,&nbsp;<strong>Stanley brind\u00f3 junto al embajador argentino en Estados Unidos, Jorge Arguello,<\/strong>&nbsp;una conferencia de prensa en la que disertaron sobre la relaci\u00f3n bilateral argentino-estadounidense que cumple 200 a\u00f1os.<\/p>\n\n\n\n<p>El diplom\u00e1tico de la administraci\u00f3n de&nbsp;<strong>Joe Biden hizo referencia a la vinculaci\u00f3n de la Argentina con China,<\/strong>&nbsp;y precis\u00f3 que el gigante asi\u00e1tico &#8220;quiere tener m\u00e1s presencia militar y control&#8221; en Am\u00e9rica Latina. Adem\u00e1s, mostr\u00f3 preocupaci\u00f3n por la instalaci\u00f3n del 5G y los peligros de espionaje que puedan surgir del uso de la tecnolog\u00eda.<\/p>\n\n\n\n<p>&#8220;Las guerras en el mundo no pasar\u00e1n por armas militares como misiles, sino por&nbsp;<strong>alguien que apague tu planta de energ\u00eda y pueda hacer lo mismo en una planta nuclear.<\/strong>&nbsp;Todo esto puede ser muy peligroso y estamos muy preocupados&#8221;, indic\u00f3.<\/p>\n\n\n\n<p>An\u00edbal Fern\u00e1ndez, del ri\u00f1\u00f3n del presidente Alberto Fern\u00e1ndez, form\u00f3 parte de la delegaci\u00f3n que lo acompa\u00f1\u00f3 en su visita a la Casa Blanca, a finales de marzo. En aquella oportunidad, adem\u00e1s de participar de la bilateral entre Fern\u00e1ndez y Biden, visit\u00f3 tambi\u00e9n las oficinas de la Administraci\u00f3n de Control de Drogas (DEA), con quien comparte la coordinaci\u00f3n de una agenda conjunta.<\/p>\n","protected":false},"excerpt":{"rendered":"<p>Se crear\u00e1 un acuerdo entre las polic\u00edas de ambas fuerzas para llevar adelante cursos de capacitaci\u00f3n, provisi\u00f3n de equipamiento e intercambio de informaci\u00f3n. El ministro de Seguridad,&nbsp;An\u00edbal Fern\u00e1ndez, firm\u00f3 un&hellip; <\/p>\n","protected":false},"author":4,"featured_media":59039,"comment_status":"closed","ping_status":"open","sticky":false,"template":"","format":"standard","meta":{"footnotes":""},"categories":[10],"tags":[],"class_list":["post-59038","post","type-post","status-publish","format-standard","has-post-thumbnail","hentry","category-nacionales"],"_links":{"self":[{"href":"https:\/\/corrientesdetarde.com\/index.php\/wp-json\/wp\/v2\/posts\/59038","targetHints":{"allow":["GET"]}}],"collection":[{"href":"https:\/\/corrientesdetarde.com\/index.php\/wp-json\/wp\/v2\/posts"}],"about":[{"href":"https:\/\/corrientesdetarde.com\/index.php\/wp-json\/wp\/v2\/types\/post"}],"author":[{"embeddable":true,"href":"https:\/\/corrientesdetarde.com\/index.php\/wp-json\/wp\/v2\/users\/4"}],"replies":[{"embeddable":true,"href":"https:\/\/corrientesdetarde.com\/index.php\/wp-json\/wp\/v2\/comments?post=59038"}],"version-history":[{"count":1,"href":"https:\/\/corrientesdetarde.com\/index.php\/wp-json\/wp\/v2\/posts\/59038\/revisions"}],"predecessor-version":[{"id":59040,"href":"https:\/\/corrientesdetarde.com\/index.php\/wp-json\/wp\/v2\/posts\/59038\/revisions\/59040"}],"wp:featuredmedia":[{"embeddable":true,"href":"https:\/\/corrientesdetarde.com\/index.php\/wp-json\/wp\/v2\/media\/59039"}],"wp:attachment":[{"href":"https:\/\/corrientesdetarde.com\/index.php\/wp-json\/wp\/v2\/media?parent=59038"}],"wp:term":[{"taxonomy":"category","embeddable":true,"href":"https:\/\/corrientesdetarde.com\/index.php\/wp-json\/wp\/v2\/categories?post=59038"},{"taxonomy":"post_tag","embeddable":true,"href":"https:\/\/corrientesdetarde.com\/index.php\/wp-json\/wp\/v2\/tags?post=59038"}],"curies":[{"name":"wp","href":"https:\/\/api.w.org\/{rel}","templated":true}]}}