{"id":59237,"date":"2023-05-08T10:42:58","date_gmt":"2023-05-08T13:42:58","guid":{"rendered":"https:\/\/corrientesdetarde.com\/?p=59237"},"modified":"2023-05-08T10:43:20","modified_gmt":"2023-05-08T13:43:20","slug":"lionel-messi-volvio-a-los-entrenamientos-luego-de-que-el-psg-le-levantara-la-sancion","status":"publish","type":"post","link":"https:\/\/corrientesdetarde.com\/index.php\/deportes\/lionel-messi-volvio-a-los-entrenamientos-luego-de-que-el-psg-le-levantara-la-sancion\/","title":{"rendered":"Lionel Messi volvi\u00f3 a los entrenamientos luego de que el PSG le levantara la sanci\u00f3n"},"content":{"rendered":"\n<p>La Pulga ya piensa en el pr\u00f3ximo partido que ser\u00e1 este s\u00e1bado ante el AC Ajaccio por la Ligue 1. \u00bfJugar\u00e1?<\/p>\n\n\n\n<p>Despu\u00e9s de la sanci\u00f3n del\u00a0<strong>PSG\u00a0<\/strong>a\u00a0<strong>Lionel Messi\u00a0<\/strong>luego del\u00a0viaje que el argentino hizo el lunes pasado a Arabia Saudita\u00a0para cumplir con algunos compromisos comerciales como\u00a0<strong>Embajador Tur\u00edstico\u00a0<\/strong>de ese pa\u00eds, la Pulga regres\u00f3 este lunes a los entrenamientos del conjunto parisino.<\/p>\n\n\n\n<figure class=\"wp-block-image\"><img decoding=\"async\" src=\"https:\/\/tn.com.ar\/resizer\/b3JcS5KvVdG0n8lYSSpmqgv14xI=\/767x0\/smart\/filters:format(webp)\/cloudfront-us-east-1.images.arcpublishing.com\/artear\/SQHTO6HNPFEG5MOBDZVKYE7Y6A.jpg\" alt=\"La Pulga volvi\u00f3 a los entrenamientos en el PSG. (Foto: @psg\/Instagram)\"\/><figcaption>La Pulga volvi\u00f3 a los entrenamientos en el PSG. (Foto: @psg\/Instagram)<\/figcaption><\/figure>\n\n\n\n<p>Desde el club consideraron que fue un \u201cgrave error\u201d de parte del futbolista, raz\u00f3n por la que no estuvo presente en el \u00faltimo partido ante el&nbsp;<strong>Troyes<\/strong>&nbsp;por la Ligue 1. Si bien, el&nbsp;<strong>PSG<\/strong>&nbsp;hab\u00eda sancionado al rosarino por dos semanas, el pedido de disculpas del capit\u00e1n de la Selecci\u00f3n argentina hizo que el equipo parisino bajase los decibeles.<\/p>\n\n\n\n<figure class=\"wp-block-image\"><img decoding=\"async\" src=\"https:\/\/tn.com.ar\/resizer\/1f6aB5TMtnP1BtE3HrF2-Z7h7Dc=\/767x0\/smart\/filters:format(webp)\/cloudfront-us-east-1.images.arcpublishing.com\/artear\/X6D3BWX4GFHHZCOPDSSNF4LBNI.jpg\" alt=\"\u201cQuiero pedirle perd\u00f3n a mis compa\u00f1eros y al PSG por lo que hice\u201d, dijo la Pulga tras la sanci\u00f3n del PSG. (Foto: AP)\"\/><figcaption>\u201cQuiero pedirle perd\u00f3n a mis compa\u00f1eros y al PSG por lo que hice\u201d, dijo la Pulga tras la sanci\u00f3n del PSG. (Foto: AP)<\/figcaption><\/figure>\n\n\n\n<h2 class=\"wp-block-heading\">Lionel Messi: \u201cQuiero pedirle perd\u00f3n a mis compa\u00f1eros y al PSG por lo que hice\u201d<\/h2>\n\n\n\n<p><strong>Lionel Messi\u00a0<\/strong>sorprendi\u00f3 este viernes al publicar un video en sus redes sociales en el cual pidi\u00f3 perd\u00f3n por el esc\u00e1ndalo que se desat\u00f3 en el PSG a partir de su viaje a Arabia Saudita el pasado lunes y\u00a0la dur\u00edsima sanci\u00f3n que recibi\u00f3 por parte del club.<\/p>\n\n\n\n<h2 class=\"wp-block-heading\">\u00bfQu\u00e9 dijo Lionel Messi?<\/h2>\n\n\n\n<p><em>\u201cHola, quer\u00eda hacer este video despu\u00e9s de todo lo que est\u00e1 pasando. Antes que nada pedir perd\u00f3n a mis compa\u00f1eros y el club. Sinceramente, pens\u00e9 que \u00edbamos a tener libre despu\u00e9s del partido, como ven\u00eda pasando durante las semanas anteriores. Ten\u00eda organizado este viaje a Arabia que hab\u00eda cancelado anteriormente y este no pude. Vuelvo a repetir: pedir perd\u00f3n por lo que hice y ac\u00e1 estoy, a la espera de lo que el club decida. Un abrazo\u201d.<\/em><\/p>\n\n\n\n<h2 class=\"wp-block-heading\">\u00bfPor qu\u00e9 viaj\u00f3 Messi a Arabia Saudita?<\/h2>\n\n\n\n<p>Lionel Messi viaj\u00f3 el lunes a Riad (a unos 6000 kil\u00f3metros de Par\u00eds) por un compromiso publicitario con el pa\u00eds del Golfo P\u00e9rsico del que es Embajador Tur\u00edstico, rol por, el cual percibe\u00a0un impresionante\u00a0<em>cachet.\u00a0<\/em>Al parecer, lo hizo\u00a0<strong>sin la autorizaci\u00f3n del club\u00a0<\/strong>debido a que era un compromiso impostergable y que lo oblig\u00f3 a faltar al entrenamiento del lunes con el equipo.<\/p>\n\n\n\n<h2 class=\"wp-block-heading\">Cu\u00e1ndo juega el PSG de Messi<\/h2>\n\n\n\n<p>El&nbsp;<strong>PSG<\/strong>, con&nbsp;<strong>Kylian Mbapp\u00e9<\/strong>&nbsp;como figura central, super\u00f3 este domingo por 3 a 1 al Troyes, de visitante, y dio un nuevo paso rumbo al t\u00edtulo de la Ligue 1. Ahora, la gran pregunta pasa por saber si el DT,&nbsp;<strong>Christophe Galtier<\/strong>, podr\u00e1 considerar a Messi para jugar el pr\u00f3ximo fin de semana contra el Ajaccio, por la fecha 35 de la Ligue 1, en la que lleva seis puntos de ventaja sobre el&nbsp;<strong>Lens<\/strong>.<\/p>\n","protected":false},"excerpt":{"rendered":"<p>La Pulga ya piensa en el pr\u00f3ximo partido que ser\u00e1 este s\u00e1bado ante el AC Ajaccio por la Ligue 1. \u00bfJugar\u00e1? Despu\u00e9s de la sanci\u00f3n del\u00a0PSG\u00a0a\u00a0Lionel Messi\u00a0luego del\u00a0viaje que el&hellip; <\/p>\n","protected":false},"author":1,"featured_media":59257,"comment_status":"closed","ping_status":"open","sticky":false,"template":"","format":"standard","meta":{"footnotes":""},"categories":[4],"tags":[],"class_list":["post-59237","post","type-post","status-publish","format-standard","has-post-thumbnail","hentry","category-deportes"],"_links":{"self":[{"href":"https:\/\/corrientesdetarde.com\/index.php\/wp-json\/wp\/v2\/posts\/59237","targetHints":{"allow":["GET"]}}],"collection":[{"href":"https:\/\/corrientesdetarde.com\/index.php\/wp-json\/wp\/v2\/posts"}],"about":[{"href":"https:\/\/corrientesdetarde.com\/index.php\/wp-json\/wp\/v2\/types\/post"}],"author":[{"embeddable":true,"href":"https:\/\/corrientesdetarde.com\/index.php\/wp-json\/wp\/v2\/users\/1"}],"replies":[{"embeddable":true,"href":"https:\/\/corrientesdetarde.com\/index.php\/wp-json\/wp\/v2\/comments?post=59237"}],"version-history":[{"count":1,"href":"https:\/\/corrientesdetarde.com\/index.php\/wp-json\/wp\/v2\/posts\/59237\/revisions"}],"predecessor-version":[{"id":59259,"href":"https:\/\/corrientesdetarde.com\/index.php\/wp-json\/wp\/v2\/posts\/59237\/revisions\/59259"}],"wp:featuredmedia":[{"embeddable":true,"href":"https:\/\/corrientesdetarde.com\/index.php\/wp-json\/wp\/v2\/media\/59257"}],"wp:attachment":[{"href":"https:\/\/corrientesdetarde.com\/index.php\/wp-json\/wp\/v2\/media?parent=59237"}],"wp:term":[{"taxonomy":"category","embeddable":true,"href":"https:\/\/corrientesdetarde.com\/index.php\/wp-json\/wp\/v2\/categories?post=59237"},{"taxonomy":"post_tag","embeddable":true,"href":"https:\/\/corrientesdetarde.com\/index.php\/wp-json\/wp\/v2\/tags?post=59237"}],"curies":[{"name":"wp","href":"https:\/\/api.w.org\/{rel}","templated":true}]}}