{"id":59446,"date":"2023-05-09T09:52:30","date_gmt":"2023-05-09T12:52:30","guid":{"rendered":"https:\/\/corrientesdetarde.com\/?p=59446"},"modified":"2023-05-09T09:52:35","modified_gmt":"2023-05-09T12:52:35","slug":"tarifas-de-electricidad-aumentos-del-93-para-los-usuarios-de-mayores-ingresos","status":"publish","type":"post","link":"https:\/\/corrientesdetarde.com\/index.php\/nacionales\/tarifas-de-electricidad-aumentos-del-93-para-los-usuarios-de-mayores-ingresos\/","title":{"rendered":"Tarifas de electricidad: aumentos del 93% para los usuarios de mayores ingresos"},"content":{"rendered":"\n<p>El ajuste alcanza a los clientes de Edenor y Edesur. El Gobierno acelera as\u00ed la quita de subsidios a ese sector.<\/p>\n\n\n\n<p>Los hogares de mayores ingresos del \u00c1rea Metropolitana de Buenos Aires (AMBA) recibir\u00e1n las facturas de electricidad con aumentos del 93%, ya que el Gobierno oficializ\u00f3 los nuevos cuadros tarifarios de las empresas Edenor y Edesur.<\/p>\n\n\n\n<p>Seg\u00fan dos resoluciones del Ente Nacional Regulador de la Electricidad (ENRE) publicadas este lunes en el Bolet\u00edn Oficial, los ajustes tendr\u00e1n vigencia de manera retroactiva, a partir del 1\u00b0 de mayo.<\/p>\n\n\n\n<p>Los hogares de mayores ingresos (denominados Nivel 1) son aquellos que registran ingresos por encima de los $670.000 mensuales y, seg\u00fan estimaciones, constituyen alrededor del 30% del total de usuarios residenciales.<\/p>\n\n\n\n<p>Por su parte, los usuarios residenciales de menores ingresos (Nivel 2) no tendr\u00e1n subas, mientras que los de ingresos medios (Nivel 3) tampoco registrar\u00e1n incrementos, aunque en \u00e9ste \u00faltimo caso es s\u00f3lo hasta la categor\u00eda R3. A partir de la categor\u00eda R4 los aumentos promedio ir\u00e1n del 5% al 70%, de acuerdo con lo dispuesto.<\/p>\n\n\n\n<p>El ENRE aclar\u00f3 que los usuarios del Nivel 3 &#8220;pagar\u00edan en promedio un 67% menos que los usuarios del Nivel 1, siendo este porcentaje decreciente en la medida que aumentan los consumos hasta llegar al 10% promedio&#8221;.<\/p>\n\n\n\n<p>Adem\u00e1s, el ente regulador estableci\u00f3 que ambas distribuidoras tendr\u00e1n que imprimir en las facturas cu\u00e1l es el monto que corresponde a &#8220;Subsidio Estado Nacional&#8221;.<\/p>\n\n\n\n<p>Tambi\u00e9n, el ENRE fij\u00f3 los aumentos correspondientes a los usuarios no residenciales, como comercios e industrias: los usuarios Generales G1 no tendr\u00e1n variaciones, pero para los G2 y G3 las tarifas se ajustan en un promedio de 8% y 17%, respectivamente. Las facturas de los usuarios T2, se incrementan un promedio de 22%; T3 Baja y Media Tensi\u00f3n 23% y 28% mientras que los GUDIS (que son aquellas demandas mayores a los 300 kW) se ajustan, en baja tensi\u00f3n, un 42% y en media tensi\u00f3n, un 49%.<\/p>\n\n\n\n<p>A trav\u00e9s de las Resoluciones, el organismo estableci\u00f3 que dentro del t\u00e9rmino de cinco d\u00edas (a contar desde este lunes) tanto Edenor como Edesur deber\u00e1n difundir los cuadros tarifarios vigentes desde el 1 de mayo.<\/p>\n\n\n\n<p>La eliminaci\u00f3n de los subsidios a la energ\u00eda es uno de los puntos centrales de la revisi\u00f3n del acuerdo con el FMI.<\/p>\n","protected":false},"excerpt":{"rendered":"<p>El ajuste alcanza a los clientes de Edenor y Edesur. El Gobierno acelera as\u00ed la quita de subsidios a ese sector. Los hogares de mayores ingresos del \u00c1rea Metropolitana de&hellip; <\/p>\n","protected":false},"author":4,"featured_media":59487,"comment_status":"closed","ping_status":"open","sticky":false,"template":"","format":"standard","meta":{"footnotes":""},"categories":[10],"tags":[],"class_list":["post-59446","post","type-post","status-publish","format-standard","has-post-thumbnail","hentry","category-nacionales"],"_links":{"self":[{"href":"https:\/\/corrientesdetarde.com\/index.php\/wp-json\/wp\/v2\/posts\/59446","targetHints":{"allow":["GET"]}}],"collection":[{"href":"https:\/\/corrientesdetarde.com\/index.php\/wp-json\/wp\/v2\/posts"}],"about":[{"href":"https:\/\/corrientesdetarde.com\/index.php\/wp-json\/wp\/v2\/types\/post"}],"author":[{"embeddable":true,"href":"https:\/\/corrientesdetarde.com\/index.php\/wp-json\/wp\/v2\/users\/4"}],"replies":[{"embeddable":true,"href":"https:\/\/corrientesdetarde.com\/index.php\/wp-json\/wp\/v2\/comments?post=59446"}],"version-history":[{"count":1,"href":"https:\/\/corrientesdetarde.com\/index.php\/wp-json\/wp\/v2\/posts\/59446\/revisions"}],"predecessor-version":[{"id":59488,"href":"https:\/\/corrientesdetarde.com\/index.php\/wp-json\/wp\/v2\/posts\/59446\/revisions\/59488"}],"wp:featuredmedia":[{"embeddable":true,"href":"https:\/\/corrientesdetarde.com\/index.php\/wp-json\/wp\/v2\/media\/59487"}],"wp:attachment":[{"href":"https:\/\/corrientesdetarde.com\/index.php\/wp-json\/wp\/v2\/media?parent=59446"}],"wp:term":[{"taxonomy":"category","embeddable":true,"href":"https:\/\/corrientesdetarde.com\/index.php\/wp-json\/wp\/v2\/categories?post=59446"},{"taxonomy":"post_tag","embeddable":true,"href":"https:\/\/corrientesdetarde.com\/index.php\/wp-json\/wp\/v2\/tags?post=59446"}],"curies":[{"name":"wp","href":"https:\/\/api.w.org\/{rel}","templated":true}]}}