{"id":59862,"date":"2023-05-11T08:25:39","date_gmt":"2023-05-11T11:25:39","guid":{"rendered":"https:\/\/corrientesdetarde.com\/?p=59862"},"modified":"2023-05-11T08:26:00","modified_gmt":"2023-05-11T11:26:00","slug":"asaltaron-al-futbolista-de-boca-cristian-medina","status":"publish","type":"post","link":"https:\/\/corrientesdetarde.com\/index.php\/deportes\/asaltaron-al-futbolista-de-boca-cristian-medina\/","title":{"rendered":"Asaltaron al futbolista de Boca Cristian Medina"},"content":{"rendered":"\n<p>Un grupo de delincuentes asalt\u00f3 al futbolista de Boca Juniors Cristian Nicol\u00e1s Medina y le rob\u00f3 su camioneta 4&#215;4 cuando estaba junto a su novia en la localidad bonaerense de Castelar Norte, en el partido de Mor\u00f3n.<\/p>\n\n\n\n<p>El hecho ocurri\u00f3 alrededor de las 23 de anoche en el cruce de las calles Italia e Islas Malvinas, cuando el mediocampista xeneixe arribaba a su domicilio y fue interceptado por dos delincuentes armados que bajaron de un Ford Focus gris y se llevaron su camioneta, una Volkswagen Amarok.<\/p>\n\n\n\n<p>Seg\u00fan las fuentes, los ladrones tambi\u00e9n se llevaron los tel\u00e9fonos celulares de Medina y de su novia y documentaci\u00f3n personal.<\/p>\n\n\n\n<p>Voceros policiales indicaron a T\u00e9lam que con la 4&#215;4 del volante de Boca, la banda cometi\u00f3 otro robo automotor en la lindera localidad de Ituzaing\u00f3, donde se llevaron otro veh\u00edculo de alta gama, un BMW.<\/p>\n\n\n\n<p>M\u00e1s tarde, ambos veh\u00edculos aparecieron abandonados en el partido de Moreno.<\/p>\n\n\n\n<p>Fuentes judiciales informaron que tanto Medina como su novia resultaron \u201cilesos\u201d y que el futbolista no fue reconocido por los delincuentes.<\/p>\n\n\n\n<p>La causa, caratulada como \u201crobo agravado por el uso de arma\u201d, qued\u00f3 en manos del la Unidad Funcional de Instrucci\u00f3n (UFI) 7 del departamento judicial Mor\u00f3n, a cargo del fiscal Mat\u00edas Rappazzo.<\/p>\n","protected":false},"excerpt":{"rendered":"<p>Un grupo de delincuentes asalt\u00f3 al futbolista de Boca Juniors Cristian Nicol\u00e1s Medina y le rob\u00f3 su camioneta 4&#215;4 cuando estaba junto a su novia en la localidad bonaerense de&hellip; <\/p>\n","protected":false},"author":4,"featured_media":59869,"comment_status":"closed","ping_status":"open","sticky":false,"template":"","format":"standard","meta":{"footnotes":""},"categories":[4],"tags":[],"class_list":["post-59862","post","type-post","status-publish","format-standard","has-post-thumbnail","hentry","category-deportes"],"_links":{"self":[{"href":"https:\/\/corrientesdetarde.com\/index.php\/wp-json\/wp\/v2\/posts\/59862","targetHints":{"allow":["GET"]}}],"collection":[{"href":"https:\/\/corrientesdetarde.com\/index.php\/wp-json\/wp\/v2\/posts"}],"about":[{"href":"https:\/\/corrientesdetarde.com\/index.php\/wp-json\/wp\/v2\/types\/post"}],"author":[{"embeddable":true,"href":"https:\/\/corrientesdetarde.com\/index.php\/wp-json\/wp\/v2\/users\/4"}],"replies":[{"embeddable":true,"href":"https:\/\/corrientesdetarde.com\/index.php\/wp-json\/wp\/v2\/comments?post=59862"}],"version-history":[{"count":1,"href":"https:\/\/corrientesdetarde.com\/index.php\/wp-json\/wp\/v2\/posts\/59862\/revisions"}],"predecessor-version":[{"id":59870,"href":"https:\/\/corrientesdetarde.com\/index.php\/wp-json\/wp\/v2\/posts\/59862\/revisions\/59870"}],"wp:featuredmedia":[{"embeddable":true,"href":"https:\/\/corrientesdetarde.com\/index.php\/wp-json\/wp\/v2\/media\/59869"}],"wp:attachment":[{"href":"https:\/\/corrientesdetarde.com\/index.php\/wp-json\/wp\/v2\/media?parent=59862"}],"wp:term":[{"taxonomy":"category","embeddable":true,"href":"https:\/\/corrientesdetarde.com\/index.php\/wp-json\/wp\/v2\/categories?post=59862"},{"taxonomy":"post_tag","embeddable":true,"href":"https:\/\/corrientesdetarde.com\/index.php\/wp-json\/wp\/v2\/tags?post=59862"}],"curies":[{"name":"wp","href":"https:\/\/api.w.org\/{rel}","templated":true}]}}