{"id":59863,"date":"2023-05-11T08:21:10","date_gmt":"2023-05-11T11:21:10","guid":{"rendered":"https:\/\/corrientesdetarde.com\/?p=59863"},"modified":"2023-05-11T08:21:31","modified_gmt":"2023-05-11T11:21:31","slug":"plus-unificado-quienes-cobran-el-este-jueves-11","status":"publish","type":"post","link":"https:\/\/corrientesdetarde.com\/index.php\/locales\/plus-unificado-quienes-cobran-el-este-jueves-11\/","title":{"rendered":"plus unificado: \u00bfqui\u00e9nes cobran el\u00a0 este jueves 11?"},"content":{"rendered":"\n<p>El Gobierno sigue pagando el adicional de mayor peso a los empleados estatales. Hasta cu\u00e1ndo sigue el cronograma.<\/p>\n\n\n\n<p>Este jueves 11 de mayo el Gobierno de Corrientes sigue pagando el plus unificado a los empleados estatales. Se trata de los 27.650 pesos de adicional remunerativo que cobran.<\/p>\n\n\n\n<p>En la jornada le tocar\u00e1 a los trabajadores con documentos terminados en 4 y 5. Vale mencionar que el cronograma se activ\u00f3 este martes.<\/p>\n\n\n\n<figure class=\"wp-block-embed is-type-rich is-provider-twitter wp-block-embed-twitter\"><div class=\"wp-block-embed__wrapper\">\n<blockquote class=\"twitter-tweet\" data-width=\"550\" data-dnt=\"true\"><p lang=\"es\" dir=\"ltr\">\u00a1Buenos d\u00edas! El Plus Unificado del mes de mayo para trabajadores provinciales activos y jubilados se pagar\u00e1 por terminaci\u00f3n de DNI:<br><br>\u2022 Martes 9: 0 y 1<br>\u2022 Mi\u00e9rcoles 10: 2 y 3<br>\u2022 Jueves 11: 4 y 5<br>\u2022 Viernes 12: 6 y 7<br>\u2022 Lunes 15: 8 y 9*<br><br>* En cajeros, s\u00e1bado 13.<\/p>&mdash; Gustavo Vald\u00e9s (@gustavovaldesok) <a href=\"https:\/\/twitter.com\/gustavovaldesok\/status\/1654440840322772994?ref_src=twsrc%5Etfw\">May 5, 2023<\/a><\/blockquote><script async src=\"https:\/\/platform.twitter.com\/widgets.js\" charset=\"utf-8\"><\/script>\n<\/div><\/figure>\n\n\n\n<p>El esquema continuar\u00e1 este viernes para 6 y 7. Se completar\u00e1 el pr\u00f3ximo lunes 15 para 8 y 9, tramo que estar\u00e1 disponible en cajeros autom\u00e1ticos desde el s\u00e1bado 13.<\/p>\n\n\n\n<p>Una vez terminado este pago el Gobierno de Corrientes comenzar\u00e1 a mover los tr\u00e1mites para pagar el plus de refuerzo. Podr\u00edan haber novedades en los pr\u00f3ximos d\u00edas sobre las fechas de pago.<\/p>\n","protected":false},"excerpt":{"rendered":"<p>El Gobierno sigue pagando el adicional de mayor peso a los empleados estatales. Hasta cu\u00e1ndo sigue el cronograma. Este jueves 11 de mayo el Gobierno de Corrientes sigue pagando el&hellip; <\/p>\n","protected":false},"author":4,"featured_media":59867,"comment_status":"closed","ping_status":"open","sticky":false,"template":"","format":"standard","meta":{"footnotes":""},"categories":[8],"tags":[],"class_list":["post-59863","post","type-post","status-publish","format-standard","has-post-thumbnail","hentry","category-locales"],"_links":{"self":[{"href":"https:\/\/corrientesdetarde.com\/index.php\/wp-json\/wp\/v2\/posts\/59863","targetHints":{"allow":["GET"]}}],"collection":[{"href":"https:\/\/corrientesdetarde.com\/index.php\/wp-json\/wp\/v2\/posts"}],"about":[{"href":"https:\/\/corrientesdetarde.com\/index.php\/wp-json\/wp\/v2\/types\/post"}],"author":[{"embeddable":true,"href":"https:\/\/corrientesdetarde.com\/index.php\/wp-json\/wp\/v2\/users\/4"}],"replies":[{"embeddable":true,"href":"https:\/\/corrientesdetarde.com\/index.php\/wp-json\/wp\/v2\/comments?post=59863"}],"version-history":[{"count":1,"href":"https:\/\/corrientesdetarde.com\/index.php\/wp-json\/wp\/v2\/posts\/59863\/revisions"}],"predecessor-version":[{"id":59868,"href":"https:\/\/corrientesdetarde.com\/index.php\/wp-json\/wp\/v2\/posts\/59863\/revisions\/59868"}],"wp:featuredmedia":[{"embeddable":true,"href":"https:\/\/corrientesdetarde.com\/index.php\/wp-json\/wp\/v2\/media\/59867"}],"wp:attachment":[{"href":"https:\/\/corrientesdetarde.com\/index.php\/wp-json\/wp\/v2\/media?parent=59863"}],"wp:term":[{"taxonomy":"category","embeddable":true,"href":"https:\/\/corrientesdetarde.com\/index.php\/wp-json\/wp\/v2\/categories?post=59863"},{"taxonomy":"post_tag","embeddable":true,"href":"https:\/\/corrientesdetarde.com\/index.php\/wp-json\/wp\/v2\/tags?post=59863"}],"curies":[{"name":"wp","href":"https:\/\/api.w.org\/{rel}","templated":true}]}}