{"id":59956,"date":"2023-05-11T11:33:14","date_gmt":"2023-05-11T14:33:14","guid":{"rendered":"https:\/\/corrientesdetarde.com\/?p=59956"},"modified":"2023-05-11T11:33:35","modified_gmt":"2023-05-11T14:33:35","slug":"continua-con-gran-exito-el-programa-turismo-social-en-corrientes","status":"publish","type":"post","link":"https:\/\/corrientesdetarde.com\/index.php\/turismo\/continua-con-gran-exito-el-programa-turismo-social-en-corrientes\/","title":{"rendered":"Contin\u00faa con gran \u00e9xito el programa turismo social en Corrientes"},"content":{"rendered":"\n<p>El programa Turismo Social coordinado por el Ministerio de Turismo de Corrientes, tiene como objetivo brindar la posibilidad de recorrer y conocer la Provincia de Corrientes a quienes no la tienen. Adem\u00e1s, permite compartir instancias de aprendizajes que tienen que ver con el rescate cultural de cada lugar, su idiosincrasia y su patrimonio, ya que resulta imposible valorar lo que no se conoce. Vale mencionar, que los destinatarios de este programa son los ni\u00f1os, j\u00f3venes, adultos y adultos mayores, tambi\u00e9n las personas con capacidades diferentes y los enfermos.<\/p>\n\n\n\n<figure class=\"wp-block-image size-large\"><img loading=\"lazy\" decoding=\"async\" width=\"1024\" height=\"738\" src=\"https:\/\/corrientesdetarde.com\/wp-content\/uploads\/2023\/05\/Captura-de-pantalla-2023-05-11-113119-1024x738.png\" alt=\"\" class=\"wp-image-59959\" srcset=\"https:\/\/corrientesdetarde.com\/wp-content\/uploads\/2023\/05\/Captura-de-pantalla-2023-05-11-113119-1024x738.png 1024w, https:\/\/corrientesdetarde.com\/wp-content\/uploads\/2023\/05\/Captura-de-pantalla-2023-05-11-113119-300x216.png 300w, https:\/\/corrientesdetarde.com\/wp-content\/uploads\/2023\/05\/Captura-de-pantalla-2023-05-11-113119-768x554.png 768w, https:\/\/corrientesdetarde.com\/wp-content\/uploads\/2023\/05\/Captura-de-pantalla-2023-05-11-113119.png 1243w\" sizes=\"auto, (max-width: 1024px) 100vw, 1024px\" \/><\/figure>\n\n\n\n<p>Por lo tanto y en esta ocasi\u00f3n un grupo de adultos mayores de distintos parajes y de Yatay Ti Calle recorrieron la ciudad de Corrientes y visitaron Itati.&nbsp;Asimismo, Mireya Guti\u00e9rrez de la Direcci\u00f3n de Turismo de Yatay ti Calle, se\u00f1al\u00f3 \u201cen el d\u00eda de ayer, mi\u00e9rcoles 10 de mayo, se ha guiado y trasladado a un contingente de 15 personas adultas; muchos de ellos son abuelos y mayores de 90 a\u00f1os\u201d destac\u00f3 la trabajadora municipal. Al mismo tiempo agreg\u00f3 \u201c\u00e9ste viaje se pudo realizar gracias a las gestiones de la gu\u00eda Tur\u00edstica, Gisela Mendoza, del Ministerio de Turismo, y la ministra de Turismo, Alejandra Eliciri; por ende, estamos muy felices de haberlo podido concretar, compartir y aprender\u201d puntualiz\u00f3.<\/p>\n\n\n\n<p>Cabe destacar que los adultos mayores tambi\u00e9n visitaron el Ministerio de Turismo y conocieron Casa Iber\u00e1 en Corrientes Capital, y al mismo tiempo realizaron un city tour.<\/p>\n\n\n\n<figure class=\"wp-block-image size-full\"><img loading=\"lazy\" decoding=\"async\" width=\"1024\" height=\"744\" src=\"https:\/\/corrientesdetarde.com\/wp-content\/uploads\/2023\/05\/Captura-de-pantalla-2023-05-11-113110.png\" alt=\"\" class=\"wp-image-59958\" srcset=\"https:\/\/corrientesdetarde.com\/wp-content\/uploads\/2023\/05\/Captura-de-pantalla-2023-05-11-113110.png 1024w, https:\/\/corrientesdetarde.com\/wp-content\/uploads\/2023\/05\/Captura-de-pantalla-2023-05-11-113110-300x218.png 300w, https:\/\/corrientesdetarde.com\/wp-content\/uploads\/2023\/05\/Captura-de-pantalla-2023-05-11-113110-768x558.png 768w\" sizes=\"auto, (max-width: 1024px) 100vw, 1024px\" \/><\/figure>\n","protected":false},"excerpt":{"rendered":"<p>El programa Turismo Social coordinado por el Ministerio de Turismo de Corrientes, tiene como objetivo brindar la posibilidad de recorrer y conocer la Provincia de Corrientes a quienes no la&hellip; <\/p>\n","protected":false},"author":4,"featured_media":59957,"comment_status":"closed","ping_status":"open","sticky":false,"template":"","format":"standard","meta":{"footnotes":""},"categories":[31],"tags":[],"class_list":["post-59956","post","type-post","status-publish","format-standard","has-post-thumbnail","hentry","category-turismo"],"_links":{"self":[{"href":"https:\/\/corrientesdetarde.com\/index.php\/wp-json\/wp\/v2\/posts\/59956","targetHints":{"allow":["GET"]}}],"collection":[{"href":"https:\/\/corrientesdetarde.com\/index.php\/wp-json\/wp\/v2\/posts"}],"about":[{"href":"https:\/\/corrientesdetarde.com\/index.php\/wp-json\/wp\/v2\/types\/post"}],"author":[{"embeddable":true,"href":"https:\/\/corrientesdetarde.com\/index.php\/wp-json\/wp\/v2\/users\/4"}],"replies":[{"embeddable":true,"href":"https:\/\/corrientesdetarde.com\/index.php\/wp-json\/wp\/v2\/comments?post=59956"}],"version-history":[{"count":2,"href":"https:\/\/corrientesdetarde.com\/index.php\/wp-json\/wp\/v2\/posts\/59956\/revisions"}],"predecessor-version":[{"id":59961,"href":"https:\/\/corrientesdetarde.com\/index.php\/wp-json\/wp\/v2\/posts\/59956\/revisions\/59961"}],"wp:featuredmedia":[{"embeddable":true,"href":"https:\/\/corrientesdetarde.com\/index.php\/wp-json\/wp\/v2\/media\/59957"}],"wp:attachment":[{"href":"https:\/\/corrientesdetarde.com\/index.php\/wp-json\/wp\/v2\/media?parent=59956"}],"wp:term":[{"taxonomy":"category","embeddable":true,"href":"https:\/\/corrientesdetarde.com\/index.php\/wp-json\/wp\/v2\/categories?post=59956"},{"taxonomy":"post_tag","embeddable":true,"href":"https:\/\/corrientesdetarde.com\/index.php\/wp-json\/wp\/v2\/tags?post=59956"}],"curies":[{"name":"wp","href":"https:\/\/api.w.org\/{rel}","templated":true}]}}