{"id":60219,"date":"2023-05-12T14:31:38","date_gmt":"2023-05-12T17:31:38","guid":{"rendered":"https:\/\/corrientesdetarde.com\/?p=60219"},"modified":"2023-05-12T14:32:40","modified_gmt":"2023-05-12T17:32:40","slug":"el-gobernador-valdes-presento-el-primer-aceite-medicinal-de-cannabis-producido-integramente-en-corrientes","status":"publish","type":"post","link":"https:\/\/corrientesdetarde.com\/index.php\/locales\/el-gobernador-valdes-presento-el-primer-aceite-medicinal-de-cannabis-producido-integramente-en-corrientes\/","title":{"rendered":"El gobernador Vald\u00e9s present\u00f3 el primer aceite medicinal de cannabis producido \u00edntegramente en Corrientes"},"content":{"rendered":"\n<p>El gobernador Gustavo Vald\u00e9s encabez\u00f3 este viernes el acto de presentaci\u00f3n sobre los avances del Proyecto de Innovaci\u00f3n Productiva \u201cCa\u00e1 Canabis\u201d que se desarrolla en el Centro Tecnol\u00f3gico de Producci\u00f3n, ubicado sobre Ruta Nacional 12, kil\u00f3metro 1032, oportunidad en la que se exhibi\u00f3 el primer aceite medicinal producido por la planta, lo que representa un hito para Corrientes. El siguiente paso ser\u00e1 la construcci\u00f3n de una f\u00e1brica en cercan\u00edas de Goya.<\/p>\n\n\n\n<p>\u201cHoy Ca\u00e1 Cannabis presenta por primera vez nuestro aceite medicinal para tratar la epilepsia refractaria. Es nuestra, de una planta que ha nacido en Corrientes, que se ha criado y tra\u00eddo de Bah\u00eda Blanca\u201d, manifest\u00f3 con orgullo el Mandatario, en el marco del acto, dejando en claro que el siguiente desaf\u00edo y el momento de dar otro paso \u201cser\u00e1 producir en gran escala y lo vamos a hacer en Goya\u201d.<\/p>\n\n\n\n<p>\u201cEn esa zona conocen el trabajo, existe el clima y tras los estudios de rigor, llegamos a la conclusi\u00f3n que es el lugar adecuado para generar la industria, que va a ser de un gran impacto, no solo para la fabricaci\u00f3n de aceites sino para muchas otras utilidades\u201d, remarc\u00f3 Vald\u00e9s.<\/p>\n\n\n\n<p>Cabe mencionarse que \u201cCa\u00e1 Cannabis\u201d es una sociedad del Estado creada a partir de la ley provincial N\u00ba 6551, para la producci\u00f3n, fomento e investigaci\u00f3n del cultivo de cannabis y sus derivados con fines medicinales y terap\u00e9uticos, su fabricaci\u00f3n, industrializaci\u00f3n y comercializaci\u00f3n.<\/p>\n\n\n\n<p>En referencia a la presentaci\u00f3n del aceite de fabricaci\u00f3n correntina, el Gobernador dio cuenta que este resultado \u201ctiene que ver con nuestra producci\u00f3n y en ir hacia adelante\u201d. \u201cHoy tenemos el desarrollo de este laboratorio que es fundamental para nuestra industria correntina\u201d, a\u00f1adi\u00f3 Vald\u00e9s, destacando que el mismo producto ser\u00e1 menester para aquellos habitantes que padecen epilepsia refractaria \u201cde manera que podamos distribuirlo de manera gratuita\u201d, a la vez que inst\u00f3 a todos los actores que son parte del proyecto Ca\u00e1 Cannabis \u201ca seguir generando esto, que es de calidad\u201d.<\/p>\n\n\n\n<p>Prosiguiendo con sus palabras, el Mandatario coment\u00f3 que el Plan Remediar entrega gratuitamente aceite medicinal pero toda la materia prima es importada, con lo cual \u201cest\u00e1n saliendo d\u00f3lares en la Argentina para comprar lo que producimos en Corrientes\u201d.<\/p>\n\n\n\n<p>El gobernador puntualiz\u00f3 que es necesario comenzar a\u201d invertir ese flujo en esta empresa del estado que es correntina, en un cultivo rentable, con una demanda importante a nivel mundial\u201d.<\/p>\n\n\n\n<p>Seguidamente, Vald\u00e9s cont\u00f3 que este proceso tuvo su g\u00e9nesis en el 2020 cuando \u201cfirmamos el Convenio de Cooperaci\u00f3n T\u00e9cnica con el gobierno de Jujuy\u201d, aprovechando la ocasi\u00f3n para agradecer al&nbsp;gobernador de esa provincia, Gerardo Morales, por su \u201cgenerosidad para abrirnos las puertas y trabajar con nuestra Provincia\u201d.<\/p>\n\n\n\n<p>Tambi\u00e9n resalt\u00f3 el Acuerdo suscripto oportunamente con el Instituto Yissum de la Universidad Hebrea de Jerusal\u00e9n \u201cmediante el cual plantamos una semilla\u201d, para luego dar paso a la creaci\u00f3n de la sociedad del estado Ca\u00e1 Cannabis.<\/p>\n\n\n\n<p>\u201cEn esta empresa hay tecnolog\u00eda, capacidad t\u00e9cnica y profesional, adem\u00e1s de transparencia y seguridad en todo lo que estamos haciendo\u201d, asever\u00f3.<\/p>\n\n\n\n<p>Para Vald\u00e9s, este proyecto debe contar con el acompa\u00f1amiento del sector privado y en ese sentido dijo: \u201cel estado y las empresas deben trabajar codo a codo para la generaci\u00f3n de empleo y el desarrollo\u201d, y concluy\u00f3: \u201cestamos dando el primer paso de un largo y fruct\u00edfero camino por recorrer\u201d.<\/p>\n\n\n\n<p><strong>Ministro Anselmo<\/strong><\/p>\n\n\n\n<p>\u201cHace 9 meses este plan piloto ten\u00eda apenas 250 futuras plantas madres, y luego pudimos hacer las&nbsp;primeras selecciones de las l\u00edneas varietales sobre las que quer\u00edamos trabajar\u201d, inici\u00f3 su alocuci\u00f3n el titular de Producci\u00f3n, al tomar la palabra.<\/p>\n\n\n\n<p>Anselmo dio cuenta que en el mismo complejo, \u201choy tenemos dos l\u00edneas de alto contenido en CBD (cannabidiol) y CBG (cannabigerol), por las cuales ya hicimos el proceso de registraci\u00f3n ante el Instituto Nacional de Semillas\u201d.<\/p>\n\n\n\n<p>El mismo funcionario, cont\u00f3 que en todos estos meses \u201cse fueron reproduciendo un sinn\u00famero de plantas, por lo que se hicieron cerca de 4mil esquejes, los cuales pasaron por un proceso de crecimiento, control de las condiciones de iluminaci\u00f3n, temperatura, humedad y riego, para luego producir flores de alta calidad\u201d.<\/p>\n\n\n\n<p>Asimismo, el ministro de Producci\u00f3n manifest\u00f3 en este marco, \u201c la alegr\u00eda de que podamos cosechar, en promedio, 500&nbsp;plantas mensuales con una producci\u00f3n de 25kg de flores secas de alto contenido en CBD, lo que nos permite, en la elaboraci\u00f3n, obtener 2.5 kg de producto activo, que luego se diluye para hacer el aceite que llega al p\u00fablico\u201d.<\/p>\n\n\n\n<p>Por otra parte, Anselmo remarc\u00f3 la fuerte inversi\u00f3n de 290 millones de pesos que ha hecho la Provincia en el proyecto, adelantando que el mismo erario p\u00fablico invertir\u00e1 otros 300 millones m\u00e1s.<\/p>\n\n\n\n<p><strong>&nbsp;Valentino M\u00f3rtola detall\u00f3 la presentaci\u00f3n<\/strong><\/p>\n\n\n\n<p>En el marco de la presentaci\u00f3n se exhibi\u00f3 un video institucional y el gerente de la empresa estatal correntina \u201cCa\u00e1 Cannabis\u201d, Valentino M\u00f3rtola, ofreci\u00f3 un detalle pormenorizado sobre c\u00f3mo se fue gestando todo el proceso.<\/p>\n\n\n\n<p>Fue as\u00ed que puso de relieve que Corrientes adhiri\u00f3 en 2018 a la Ley Nacional de \u201cInvestigaci\u00f3n M\u00e9dica y Cient\u00edfica de uso medicinal de la planta de cannabis y sus derivados\u201d, mediante la ley provincial 6457 que autoriz\u00f3 su uso en el Sistema de Salud P\u00fablica Provincial y la promoci\u00f3n de la producci\u00f3n p\u00fablica de esas sustancias.<\/p>\n\n\n\n<p>Luego, en 2020 la Provincia firm\u00f3 un convenio de cooperaci\u00f3n t\u00e9cnica y cient\u00edfica con el Gobierno de Jujuy para promover el desarrollo del cultivo y la industria del cannabis medicinal y otro con el Instituto Yissum de la Universidad Hebrea de Jerusal\u00e9n para el desarrollo de un programa de capacitaci\u00f3n de profesionales de la salud en el uso medicinal de derivados de Cannabis.<\/p>\n\n\n\n<p>Y a fines de ese mismo a\u00f1o 2020 se cre\u00f3 la \u201cSociedad del Estado Para la Producci\u00f3n Fomento e Investigaci\u00f3n de Cannabis Medicinal de Corrientes\u201d, con el objeto de llevar a cabo el cultivo de cannabis y sus derivados con fines medicinales y terap\u00e9uticos, su producci\u00f3n, industrializaci\u00f3n y comercializaci\u00f3n.<\/p>\n\n\n\n<p>Para facilitar la identificaci\u00f3n del proyecto y su desarrollo comunicacional se adopt\u00f3 la marca \u201cCa\u00e1 Cannabis\u201d, que significa planta de Cannabis en guaran\u00ed, la que est\u00e1 registrada ante el Registro de Marcas y Patentes nacional.<\/p>\n\n\n\n<p>M\u00f3rtola enfatiz\u00f3 que desde el a\u00f1o 2021 \u201cestamos trabajando en colaboraci\u00f3n con el INTA, INTI y la UNNE con el objetivo de evaluar, investigar y desarrollar capacidades integrales en esta \u00e1rea\u201d.<\/p>\n\n\n\n<p>Prosiguiendo, mencion\u00f3 que en el a\u00f1o 2022 se fueron consolidando las actividades del plan piloto, aprobado por la Resoluci\u00f3n N\u00b0 3238\/21 del Ministerio de Salud de la Naci\u00f3n, en el predio del \u201cCentro Tecnol\u00f3gico Productivo de Cannabis Medicinal\u201d, ubicado sobre la Ruta Nacional N\u00b012, km 1032 de la ciudad de Corrientes.<\/p>\n\n\n\n<p>De esa manera en julio de 2022 comenz\u00f3 el&nbsp;primer ciclo de cultivo de Cannabis medicinal en Corrientes, con un lote de 250 plantas, provenientes del mejoramiento gen\u00e9tico de variedades locales, tanto para reproducci\u00f3n vegetativa (madres) como producci\u00f3n de flores.<\/p>\n\n\n\n<p>En septiembre de 2022 se realiz\u00f3 el Lanzamiento al p\u00fablico del proyecto \u201cCa\u00e1 Cannabis\u201d, en el predio del Centro Tecnol\u00f3gico Productivo con la presencia del Gobernador Gustavo Vald\u00e9s. All\u00ed se realizaron importantes inversiones en materia de seguridad, mejoramiento de las instalaciones y se construyeron 1.300 m2 de invernaderos con la mejor tecnolog\u00eda disponible para el fitomejoramiento, la reproducci\u00f3n y el cultivo de distintas variedades de Cannabis, que permiten ensayar el cultivo a diferentes escalas y tecnolog\u00edas aplicables a las distintas zonas y condiciones locales de la Provincia.<\/p>\n\n\n\n<p>\u201cTambi\u00e9n estamos construyendo el laboratorio piloto donde se llevar\u00e1 a cabo la extracci\u00f3n experimental de los principios activos del Cannabis&nbsp;y la elaboraci\u00f3n del aceite y derivados medicinales, con equipamiento de \u00faltima generaci\u00f3n y bajo los m\u00e1s estrictos controles de calidad vigentes\u201d, acot\u00f3 M\u00f3rtola, resaltando que para cumplir con los objetivos propuestos \u201cno solo establecimos convenios con organismos de investigaci\u00f3n p\u00fablicos sino&nbsp;tambi\u00e9n con el sector privado, a trav\u00e9s de las firmas Brest &amp; Brest y Cannabis Patag\u00f3nico S.A. que desarrollan actividades en esta naciente industria\u201d.<\/p>\n\n\n\n<p>Continuando, detall\u00f3 que fines del 2022 se realizaron las primeras cosechas obteniendo lotes de flores secas de alta calidad, a partir de las que se elaboraron los primeros aceites experimentales de CBD (Cannabidiol) full spectrum,&nbsp;que ser\u00e1n utilizados en un ensayo cl\u00ednico en colaboraci\u00f3n con la Facultad de Medicina de la UNNE y el Hospital Pedi\u00e1trico Juan Pablo II para atender pacientes con epilepsia refractaria y tratamiento de otras patolog\u00edas relacionadas.<\/p>\n\n\n\n<p>M\u00f3rtola precis\u00f3 luego que actualmente en los invernaderos de \u201cCa\u00e1 Cannabis\u201d se cultivan cerca de 2.500 plantas, entre \u201cmadres\u201d y productivas, que a trav\u00e9s de su ciclo de crecimiento vegetativo y fase de floraci\u00f3n permiten la cosecha mensual de cerca de 500 plantas, cuyos tratamientos de post cosecha y secado se realizan en las instalaciones especialmente adaptadas, con una producci\u00f3n del orden de 25 Kg. de flores secas mensuales, a la vez que indic\u00f3 que recientemente se inici\u00f3 un ensayo de cultivo a campo, de promisorio desarrollo.<\/p>\n\n\n\n<p>Respecto a los invernaderos, los mismos est\u00e1n equipados con ventilaci\u00f3n, refrigeraci\u00f3n, trampas para insectos, un fertirio automatizado con tecnolog\u00eda israel\u00ed que permite controlar la nutrici\u00f3n de cada planta. Tambi\u00e9n se cuenta con estaciones meteorol\u00f3gicas que censan temperaturas, luz y humedad en tiempo real que permite tener informaci\u00f3n al instante para monitoreo remoto.<\/p>\n\n\n\n<p>Todo esto requiri\u00f3 una inversi\u00f3n p\u00fablica de $ 240.000.000 en los primeros dos ejercicios de la Sociedad estatal, aportados por el erario provincial.<\/p>\n\n\n\n<p><strong>Planta industrial en Goya<\/strong><\/p>\n\n\n\n<p>Al continuar con su detallado informe, M\u00f3rtola se\u00f1al\u00f3 que la pr\u00f3xima fase del proyecto implica la construcci\u00f3n de una planta industrial en cercan\u00edas de la ciudad de Goya, centralizando tanto la producci\u00f3n propia de flores como la de una futura Red de Cultivadores Privados con los mayores est\u00e1ndares de calidad a nivel mundial, con la posibilidad de exportar los productos.<\/p>\n\n\n\n<p>\u201cEfectuamos un relevamiento del suelo y el clima de la provincia y llegamos a la conclusi\u00f3n que Goya era una zona apta para el cultivo del cannabis\u201d, manifest\u00f3 M\u00f3rtola, subrayando que para dinamizar la industria de la zona, reemplazando la tabacalera por un cultivo innovador, el gobernador Vald\u00e9s tom\u00f3 la decisi\u00f3n de desplegar el polo productivo de cannabis.<\/p>\n\n\n\n<p>En virtud de ello, este a\u00f1o empezar\u00e1 el movimiento del terreno para preparar el predio que albergar\u00e1 el laboratorio industrial.<\/p>\n\n\n\n<p>El presupuesto de inversiones del programa para este 2023 es de $ 350.000.000.<\/p>\n\n\n\n<p>En tanto, M\u00f3rtola destac\u00f3 que a trav\u00e9s del programa&nbsp;\u201cCa\u00e1 Cannabis\u201d, con el objetivo de desarrollar nuevas herramientas para el tratamiento de distintas patolog\u00edas, mediante la innovaci\u00f3n en productos medicinales, \u201cestamos atrayendo inversiones, generando empleo y recursos para la Provincia de Corrientes\u201d.<\/p>\n\n\n\n<p>Como cierre del acto, el gobernador Vald\u00e9s junto al resto de la comitiva, recorrieron las instalaciones del predio industrial.<\/p>\n\n\n\n<p><strong>Presencias<\/strong><\/p>\n\n\n\n<p>Junto al gobernador Vald\u00e9s estuvieron en el acto, los ministros, de Producci\u00f3n, Claudio Anselmo, de Industria, Mariel Gabur, de Justicia, Buenaventura Duarte, de Obras y Servicios P\u00fablicos, Claudio Polich, \u00a0de Turismo, Alejandra Eliciri, de Salud P\u00fablica, Ricardo Cardozo y de Justicia, Juan Jos\u00e9, L\u00f3pez Desimoni, el gerente de la empresa estatal correntina \u201cCa\u00e1 Cannabis\u201d, Valentino M\u00f3rtola, el viceintendente de la ciudad de Corrientes, Emilio Lanari, secretarios y subsecretarios del gabinete provincial, legisladores nacionales y provinciales, el presidente del Concejo Deliberante, Alfredo Vallejos, concejales, el \u00a0secretario General de Relaciones Interinstitucionales de la UNNE, Sebasti\u00e1n Slobayen, representantes de entidades intermedias y dem\u00e1s autoridades.<\/p>\n\n\n\n<figure class=\"wp-block-image size-large\"><img loading=\"lazy\" decoding=\"async\" width=\"1024\" height=\"658\" src=\"https:\/\/corrientesdetarde.com\/wp-content\/uploads\/2023\/05\/image-355-1024x658.png\" alt=\"\" class=\"wp-image-60220\" srcset=\"https:\/\/corrientesdetarde.com\/wp-content\/uploads\/2023\/05\/image-355-1024x658.png 1024w, https:\/\/corrientesdetarde.com\/wp-content\/uploads\/2023\/05\/image-355-300x193.png 300w, https:\/\/corrientesdetarde.com\/wp-content\/uploads\/2023\/05\/image-355-768x493.png 768w, https:\/\/corrientesdetarde.com\/wp-content\/uploads\/2023\/05\/image-355.png 1280w\" sizes=\"auto, (max-width: 1024px) 100vw, 1024px\" \/><\/figure>\n\n\n\n<figure class=\"wp-block-image size-large\"><img loading=\"lazy\" decoding=\"async\" width=\"1024\" height=\"682\" src=\"https:\/\/corrientesdetarde.com\/wp-content\/uploads\/2023\/05\/image-356-1024x682.png\" alt=\"\" class=\"wp-image-60221\" srcset=\"https:\/\/corrientesdetarde.com\/wp-content\/uploads\/2023\/05\/image-356-1024x682.png 1024w, https:\/\/corrientesdetarde.com\/wp-content\/uploads\/2023\/05\/image-356-300x200.png 300w, https:\/\/corrientesdetarde.com\/wp-content\/uploads\/2023\/05\/image-356-768x512.png 768w, https:\/\/corrientesdetarde.com\/wp-content\/uploads\/2023\/05\/image-356-272x182.png 272w, https:\/\/corrientesdetarde.com\/wp-content\/uploads\/2023\/05\/image-356.png 1280w\" sizes=\"auto, (max-width: 1024px) 100vw, 1024px\" \/><\/figure>\n\n\n\n<figure class=\"wp-block-image size-large\"><img loading=\"lazy\" decoding=\"async\" width=\"1024\" height=\"682\" src=\"https:\/\/corrientesdetarde.com\/wp-content\/uploads\/2023\/05\/image-357-1024x682.png\" alt=\"\" class=\"wp-image-60222\" srcset=\"https:\/\/corrientesdetarde.com\/wp-content\/uploads\/2023\/05\/image-357-1024x682.png 1024w, https:\/\/corrientesdetarde.com\/wp-content\/uploads\/2023\/05\/image-357-300x200.png 300w, https:\/\/corrientesdetarde.com\/wp-content\/uploads\/2023\/05\/image-357-768x512.png 768w, https:\/\/corrientesdetarde.com\/wp-content\/uploads\/2023\/05\/image-357-272x182.png 272w, https:\/\/corrientesdetarde.com\/wp-content\/uploads\/2023\/05\/image-357.png 1280w\" sizes=\"auto, (max-width: 1024px) 100vw, 1024px\" \/><\/figure>\n\n\n\n<figure class=\"wp-block-image size-large\"><img loading=\"lazy\" decoding=\"async\" width=\"1024\" height=\"682\" src=\"https:\/\/corrientesdetarde.com\/wp-content\/uploads\/2023\/05\/image-358-1024x682.png\" alt=\"\" class=\"wp-image-60223\" srcset=\"https:\/\/corrientesdetarde.com\/wp-content\/uploads\/2023\/05\/image-358-1024x682.png 1024w, https:\/\/corrientesdetarde.com\/wp-content\/uploads\/2023\/05\/image-358-300x200.png 300w, https:\/\/corrientesdetarde.com\/wp-content\/uploads\/2023\/05\/image-358-768x512.png 768w, https:\/\/corrientesdetarde.com\/wp-content\/uploads\/2023\/05\/image-358-272x182.png 272w, https:\/\/corrientesdetarde.com\/wp-content\/uploads\/2023\/05\/image-358.png 1280w\" sizes=\"auto, (max-width: 1024px) 100vw, 1024px\" \/><\/figure>\n\n\n\n<figure class=\"wp-block-image size-large\"><img loading=\"lazy\" decoding=\"async\" width=\"1024\" height=\"682\" src=\"https:\/\/corrientesdetarde.com\/wp-content\/uploads\/2023\/05\/image-359-1024x682.png\" alt=\"\" class=\"wp-image-60224\" srcset=\"https:\/\/corrientesdetarde.com\/wp-content\/uploads\/2023\/05\/image-359-1024x682.png 1024w, https:\/\/corrientesdetarde.com\/wp-content\/uploads\/2023\/05\/image-359-300x200.png 300w, https:\/\/corrientesdetarde.com\/wp-content\/uploads\/2023\/05\/image-359-768x512.png 768w, https:\/\/corrientesdetarde.com\/wp-content\/uploads\/2023\/05\/image-359-272x182.png 272w, https:\/\/corrientesdetarde.com\/wp-content\/uploads\/2023\/05\/image-359.png 1280w\" sizes=\"auto, (max-width: 1024px) 100vw, 1024px\" \/><\/figure>\n\n\n\n<figure class=\"wp-block-image size-large\"><img loading=\"lazy\" decoding=\"async\" width=\"1024\" height=\"709\" src=\"https:\/\/corrientesdetarde.com\/wp-content\/uploads\/2023\/05\/image-360-1024x709.png\" alt=\"\" class=\"wp-image-60227\" srcset=\"https:\/\/corrientesdetarde.com\/wp-content\/uploads\/2023\/05\/image-360-1024x709.png 1024w, https:\/\/corrientesdetarde.com\/wp-content\/uploads\/2023\/05\/image-360-300x208.png 300w, https:\/\/corrientesdetarde.com\/wp-content\/uploads\/2023\/05\/image-360-768x532.png 768w, https:\/\/corrientesdetarde.com\/wp-content\/uploads\/2023\/05\/image-360.png 1280w\" sizes=\"auto, (max-width: 1024px) 100vw, 1024px\" \/><\/figure>\n","protected":false},"excerpt":{"rendered":"<p>El gobernador Gustavo Vald\u00e9s encabez\u00f3 este viernes el acto de presentaci\u00f3n sobre los avances del Proyecto de Innovaci\u00f3n Productiva \u201cCa\u00e1 Canabis\u201d que se desarrolla en el Centro Tecnol\u00f3gico de Producci\u00f3n,&hellip; <\/p>\n","protected":false},"author":8,"featured_media":60225,"comment_status":"closed","ping_status":"open","sticky":false,"template":"","format":"standard","meta":{"footnotes":""},"categories":[8],"tags":[],"class_list":["post-60219","post","type-post","status-publish","format-standard","has-post-thumbnail","hentry","category-locales"],"_links":{"self":[{"href":"https:\/\/corrientesdetarde.com\/index.php\/wp-json\/wp\/v2\/posts\/60219","targetHints":{"allow":["GET"]}}],"collection":[{"href":"https:\/\/corrientesdetarde.com\/index.php\/wp-json\/wp\/v2\/posts"}],"about":[{"href":"https:\/\/corrientesdetarde.com\/index.php\/wp-json\/wp\/v2\/types\/post"}],"author":[{"embeddable":true,"href":"https:\/\/corrientesdetarde.com\/index.php\/wp-json\/wp\/v2\/users\/8"}],"replies":[{"embeddable":true,"href":"https:\/\/corrientesdetarde.com\/index.php\/wp-json\/wp\/v2\/comments?post=60219"}],"version-history":[{"count":2,"href":"https:\/\/corrientesdetarde.com\/index.php\/wp-json\/wp\/v2\/posts\/60219\/revisions"}],"predecessor-version":[{"id":60228,"href":"https:\/\/corrientesdetarde.com\/index.php\/wp-json\/wp\/v2\/posts\/60219\/revisions\/60228"}],"wp:featuredmedia":[{"embeddable":true,"href":"https:\/\/corrientesdetarde.com\/index.php\/wp-json\/wp\/v2\/media\/60225"}],"wp:attachment":[{"href":"https:\/\/corrientesdetarde.com\/index.php\/wp-json\/wp\/v2\/media?parent=60219"}],"wp:term":[{"taxonomy":"category","embeddable":true,"href":"https:\/\/corrientesdetarde.com\/index.php\/wp-json\/wp\/v2\/categories?post=60219"},{"taxonomy":"post_tag","embeddable":true,"href":"https:\/\/corrientesdetarde.com\/index.php\/wp-json\/wp\/v2\/tags?post=60219"}],"curies":[{"name":"wp","href":"https:\/\/api.w.org\/{rel}","templated":true}]}}