{"id":60303,"date":"2023-05-12T17:09:04","date_gmt":"2023-05-12T20:09:04","guid":{"rendered":"https:\/\/corrientesdetarde.com\/?p=60303"},"modified":"2023-05-12T17:09:07","modified_gmt":"2023-05-12T20:09:07","slug":"barras-de-velez-apretaron-al-plantel-fueron-al-predio-ingresaron-a-la-fuerza-y-pidieron-mayor-compromiso","status":"publish","type":"post","link":"https:\/\/corrientesdetarde.com\/index.php\/deportes\/barras-de-velez-apretaron-al-plantel-fueron-al-predio-ingresaron-a-la-fuerza-y-pidieron-mayor-compromiso\/","title":{"rendered":"Barras de V\u00e9lez apretaron al plantel: fueron al predio, ingresaron a la fuerza y pidieron \u201cmayor compromiso\u201d"},"content":{"rendered":"\n<p>Fue en el entrenamiento de este viernes por la ma\u00f1ana. Como no les permitieron el ingreso, rompieron una de las barreras.<\/p>\n\n\n\n<p>La barra de Velez Sarfield \u00a0se meti\u00f3 a la fuerza en el predio donde se entrena el equipo y<strong>\u00a0apret\u00f3 al plantel<\/strong>. Aunque los encargados de la seguridad de la Villa Ol\u00edmpica no les permitieron el ingreso en un primer momento,\u00a0<strong>rompieron la barrera y fueron a buscar a los jugadores m\u00e1s experimentados<\/strong>.<\/p>\n\n\n\n<p>Seg\u00fan detall\u00f3 el periodista Gustavo Grabia, los barras esperaron a los jugadores hasta el final del entrenamiento, momento en el que&nbsp;<strong>fueron a hablar con varios referentes<\/strong>. Les exigieron<strong>&nbsp;\u201cmayor compromiso y mayor respuesta\u201d<\/strong>&nbsp;antes los malos resultados del equipo que conduce Ricardo Gareca.<\/p>\n\n\n\n<h2 class=\"wp-block-heading\">C\u00f3mo fue el apriete de la barra de V\u00e9lez<\/h2>\n\n\n\n<p>En tres autos, 12 integrantes de \u201cLa Pandilla de Liniers\u201d se acercaron al predio ubicado Ituzaing\u00f3. Al llegar a la Villa Ol\u00edmpica, este grupo pidi\u00f3 levantar la barrera de ingreso, pero el personal de Seguridad se<strong>&nbsp;neg\u00f3 a hacerlo<\/strong>. Entonces se bajaron,&nbsp;<strong>la violentaron<\/strong>, entraron con los coches y se metieron dentro del predio a la fuerza.<\/p>\n\n\n\n<figure class=\"wp-block-image size-large\"><img loading=\"lazy\" decoding=\"async\" width=\"1024\" height=\"573\" src=\"https:\/\/corrientesdetarde.com\/wp-content\/uploads\/2023\/05\/image-384-1024x573.png\" alt=\"\" class=\"wp-image-60305\" srcset=\"https:\/\/corrientesdetarde.com\/wp-content\/uploads\/2023\/05\/image-384-1024x573.png 1024w, https:\/\/corrientesdetarde.com\/wp-content\/uploads\/2023\/05\/image-384-300x168.png 300w, https:\/\/corrientesdetarde.com\/wp-content\/uploads\/2023\/05\/image-384-768x430.png 768w, https:\/\/corrientesdetarde.com\/wp-content\/uploads\/2023\/05\/image-384.png 1440w\" sizes=\"auto, (max-width: 1024px) 100vw, 1024px\" \/><\/figure>\n\n\n\n<p>Una vez llegados hasta la concentraci\u00f3n del plantel,<strong>\u00a0tomaron contacto con los futbolistas velezanos -que reci\u00e9n terminaban de entrenar-<\/strong>\u00a0y hablaron con los\u00a0<strong>m\u00e1s experimentados<\/strong>, mientras que los m\u00e1s j\u00f3venes permanecieron fuera de las charlas.<\/p>\n","protected":false},"excerpt":{"rendered":"<p>Fue en el entrenamiento de este viernes por la ma\u00f1ana. Como no les permitieron el ingreso, rompieron una de las barreras. La barra de Velez Sarfield \u00a0se meti\u00f3 a la&hellip; <\/p>\n","protected":false},"author":8,"featured_media":60304,"comment_status":"closed","ping_status":"open","sticky":false,"template":"","format":"standard","meta":{"footnotes":""},"categories":[4],"tags":[],"class_list":["post-60303","post","type-post","status-publish","format-standard","has-post-thumbnail","hentry","category-deportes"],"_links":{"self":[{"href":"https:\/\/corrientesdetarde.com\/index.php\/wp-json\/wp\/v2\/posts\/60303","targetHints":{"allow":["GET"]}}],"collection":[{"href":"https:\/\/corrientesdetarde.com\/index.php\/wp-json\/wp\/v2\/posts"}],"about":[{"href":"https:\/\/corrientesdetarde.com\/index.php\/wp-json\/wp\/v2\/types\/post"}],"author":[{"embeddable":true,"href":"https:\/\/corrientesdetarde.com\/index.php\/wp-json\/wp\/v2\/users\/8"}],"replies":[{"embeddable":true,"href":"https:\/\/corrientesdetarde.com\/index.php\/wp-json\/wp\/v2\/comments?post=60303"}],"version-history":[{"count":1,"href":"https:\/\/corrientesdetarde.com\/index.php\/wp-json\/wp\/v2\/posts\/60303\/revisions"}],"predecessor-version":[{"id":60306,"href":"https:\/\/corrientesdetarde.com\/index.php\/wp-json\/wp\/v2\/posts\/60303\/revisions\/60306"}],"wp:featuredmedia":[{"embeddable":true,"href":"https:\/\/corrientesdetarde.com\/index.php\/wp-json\/wp\/v2\/media\/60304"}],"wp:attachment":[{"href":"https:\/\/corrientesdetarde.com\/index.php\/wp-json\/wp\/v2\/media?parent=60303"}],"wp:term":[{"taxonomy":"category","embeddable":true,"href":"https:\/\/corrientesdetarde.com\/index.php\/wp-json\/wp\/v2\/categories?post=60303"},{"taxonomy":"post_tag","embeddable":true,"href":"https:\/\/corrientesdetarde.com\/index.php\/wp-json\/wp\/v2\/tags?post=60303"}],"curies":[{"name":"wp","href":"https:\/\/api.w.org\/{rel}","templated":true}]}}