{"id":61104,"date":"2023-05-16T20:16:51","date_gmt":"2023-05-16T23:16:51","guid":{"rendered":"https:\/\/corrientesdetarde.com\/?p=61104"},"modified":"2023-05-16T20:17:12","modified_gmt":"2023-05-16T23:17:12","slug":"inauguracion-de-las-nacionales","status":"publish","type":"post","link":"https:\/\/corrientesdetarde.com\/index.php\/locales\/inauguracion-de-las-nacionales\/","title":{"rendered":"Inauguraci\u00f3n de las Nacionales"},"content":{"rendered":"\n<p>El Vicegobernador destac\u00f3 el m\u00e9rito y el esfuerzo de los productores correntinos<\/p>\n\n\n\n<p>Con la presencia del vicegobernador de Corrientes, Pedro Braillard Poccard, este martes 16 se realiz\u00f3 el corte de cintas que dej\u00f3 oficialmente inauguradas las NACIONALES de Braford, Brahman y Dorper, el evento ganadero que se est\u00e1 realizando en la Sociedad Rural de Corrientes. Durante su discurso, el mandatario destac\u00f3 la articulaci\u00f3n entre el Gobierno y el sector productivo, y resalt\u00f3 el trabajo de los productores en un contexto desfavorable.<\/p>\n\n\n\n<figure class=\"wp-block-image size-large\"><img loading=\"lazy\" decoding=\"async\" width=\"1024\" height=\"682\" src=\"https:\/\/corrientesdetarde.com\/wp-content\/uploads\/2023\/05\/WhatsApp-Image-2023-05-16-at-19.58.05-1024x682.jpg\" alt=\"\" class=\"wp-image-61105\" srcset=\"https:\/\/corrientesdetarde.com\/wp-content\/uploads\/2023\/05\/WhatsApp-Image-2023-05-16-at-19.58.05-1024x682.jpg 1024w, https:\/\/corrientesdetarde.com\/wp-content\/uploads\/2023\/05\/WhatsApp-Image-2023-05-16-at-19.58.05-300x200.jpg 300w, https:\/\/corrientesdetarde.com\/wp-content\/uploads\/2023\/05\/WhatsApp-Image-2023-05-16-at-19.58.05-768x512.jpg 768w, https:\/\/corrientesdetarde.com\/wp-content\/uploads\/2023\/05\/WhatsApp-Image-2023-05-16-at-19.58.05-272x182.jpg 272w, https:\/\/corrientesdetarde.com\/wp-content\/uploads\/2023\/05\/WhatsApp-Image-2023-05-16-at-19.58.05.jpg 1280w\" sizes=\"auto, (max-width: 1024px) 100vw, 1024px\" \/><\/figure>\n\n\n\n<p>El acto de inauguraci\u00f3n se realiz\u00f3 en el mediod\u00eda de este martes, frente a la flamante pista cubierta de juras del predio de la Sociedad Rural de Corrientes. All\u00ed estuvieron el vicegobernador Braillard Poccard, junto al ministro de Producci\u00f3n, Claudio Anselmo; el ministro de Seguridad, Buenaventura Duarte; los intendentes de Riachuelo y Corrientes, Martin Jetter y Eduardo Tassano, respectivamente; los presidentes de la Sociedad Rural de Corrientes, Francisco Velar, y de las asociaciones de Braford, Juan Manuel Alberro, de Brahman, Esteban Binaghi, y Dorper, Orlando Guastalla; adem\u00e1s del CEO de Exponenciar, Mart\u00edn Schvartzman, entre otras autoridades y organizadores.<\/p>\n\n\n\n<p>A la hora de los discursos, el titular de la Sociedad Rural de Corrientes destac\u00f3 la articulaci\u00f3n entre el sector productivo y el Gobierno provincial, y resalt\u00f3 tambi\u00e9n el trabajo conjunto con las asociaciones de criadores y Exponenciar. \u201cLos productores nos sorprenden con su permanente evoluci\u00f3n, a pesar de las dificultades\u201d, coment\u00f3 Velar.<\/p>\n\n\n\n<p>Por su parte, los presidentes de Dorper, Brahman y Braford agradecieron a los organizadores por la posibilidad de realizar sus exposiciones nacionales en el contexto de las NACIONALES, y valoraron la calidad de los animales que ingresaron al predio de la Sociedad Rural de Corrientes para las exposiciones de cada raza.<\/p>\n\n\n\n<p>A su turno, el vicegobernador de Corrientes, Pedro Braillard Poccard, record\u00f3 que pasaron 25 a\u00f1os desde que se reactiv\u00f3 la Exposici\u00f3n de la Sociedad Rural de Corrientes y ponder\u00f3 la evoluci\u00f3n de la muestra. \u201cTodos los Gobiernos, desde 2001, han respaldado con pol\u00edticas de estado a la producci\u00f3n, y hoy tenemos el honor de tener esta exposici\u00f3n que posiciona a Corrientes en el contexto nacional e internacional\u201d.<\/p>\n\n\n\n<p>Asimismo, el mandatario provincial destac\u00f3 \u201cel esfuerzo de los productores, que fue lo que ha permitido, en gran medida, que esto sea una realidad, superando pandemia, sequ\u00edas, incendios e incluso inundaciones\u201d. Por \u00faltimo, sostuvo que \u201cel mundo est\u00e1 cambiando y el valor de la tierra es cada vez m\u00e1s importante; Argentina tiene tierras, pero la tierra no alcanza si no existe un sector productivo que realmente apueste a futuro, que invierta, que crea en eso para salir adelante; el verdadero m\u00e9rito es del sector productivo, nosotros tratamos de acompa\u00f1ar y consolidar una pol\u00edtica amigable\u00a0con\u00a0el\u00a0campo\u201d.<\/p>\n\n\n\n<figure class=\"wp-block-image size-large\"><img loading=\"lazy\" decoding=\"async\" width=\"1024\" height=\"682\" src=\"https:\/\/corrientesdetarde.com\/wp-content\/uploads\/2023\/05\/WhatsApp-Image-2023-05-16-at-19.58.05-1-1024x682.jpg\" alt=\"\" class=\"wp-image-61106\" srcset=\"https:\/\/corrientesdetarde.com\/wp-content\/uploads\/2023\/05\/WhatsApp-Image-2023-05-16-at-19.58.05-1-1024x682.jpg 1024w, https:\/\/corrientesdetarde.com\/wp-content\/uploads\/2023\/05\/WhatsApp-Image-2023-05-16-at-19.58.05-1-300x200.jpg 300w, https:\/\/corrientesdetarde.com\/wp-content\/uploads\/2023\/05\/WhatsApp-Image-2023-05-16-at-19.58.05-1-768x512.jpg 768w, https:\/\/corrientesdetarde.com\/wp-content\/uploads\/2023\/05\/WhatsApp-Image-2023-05-16-at-19.58.05-1-272x182.jpg 272w, https:\/\/corrientesdetarde.com\/wp-content\/uploads\/2023\/05\/WhatsApp-Image-2023-05-16-at-19.58.05-1.jpg 1280w\" sizes=\"auto, (max-width: 1024px) 100vw, 1024px\" \/><\/figure>\n","protected":false},"excerpt":{"rendered":"<p>El Vicegobernador destac\u00f3 el m\u00e9rito y el esfuerzo de los productores correntinos Con la presencia del vicegobernador de Corrientes, Pedro Braillard Poccard, este martes 16 se realiz\u00f3 el corte de&hellip; <\/p>\n","protected":false},"author":1,"featured_media":61107,"comment_status":"closed","ping_status":"open","sticky":false,"template":"","format":"standard","meta":{"footnotes":""},"categories":[22,8],"tags":[],"class_list":["post-61104","post","type-post","status-publish","format-standard","has-post-thumbnail","hentry","category-eventos","category-locales"],"_links":{"self":[{"href":"https:\/\/corrientesdetarde.com\/index.php\/wp-json\/wp\/v2\/posts\/61104","targetHints":{"allow":["GET"]}}],"collection":[{"href":"https:\/\/corrientesdetarde.com\/index.php\/wp-json\/wp\/v2\/posts"}],"about":[{"href":"https:\/\/corrientesdetarde.com\/index.php\/wp-json\/wp\/v2\/types\/post"}],"author":[{"embeddable":true,"href":"https:\/\/corrientesdetarde.com\/index.php\/wp-json\/wp\/v2\/users\/1"}],"replies":[{"embeddable":true,"href":"https:\/\/corrientesdetarde.com\/index.php\/wp-json\/wp\/v2\/comments?post=61104"}],"version-history":[{"count":1,"href":"https:\/\/corrientesdetarde.com\/index.php\/wp-json\/wp\/v2\/posts\/61104\/revisions"}],"predecessor-version":[{"id":61108,"href":"https:\/\/corrientesdetarde.com\/index.php\/wp-json\/wp\/v2\/posts\/61104\/revisions\/61108"}],"wp:featuredmedia":[{"embeddable":true,"href":"https:\/\/corrientesdetarde.com\/index.php\/wp-json\/wp\/v2\/media\/61107"}],"wp:attachment":[{"href":"https:\/\/corrientesdetarde.com\/index.php\/wp-json\/wp\/v2\/media?parent=61104"}],"wp:term":[{"taxonomy":"category","embeddable":true,"href":"https:\/\/corrientesdetarde.com\/index.php\/wp-json\/wp\/v2\/categories?post=61104"},{"taxonomy":"post_tag","embeddable":true,"href":"https:\/\/corrientesdetarde.com\/index.php\/wp-json\/wp\/v2\/tags?post=61104"}],"curies":[{"name":"wp","href":"https:\/\/api.w.org\/{rel}","templated":true}]}}