{"id":61121,"date":"2023-05-16T23:13:08","date_gmt":"2023-05-17T02:13:08","guid":{"rendered":"https:\/\/corrientesdetarde.com\/?p=61121"},"modified":"2023-05-16T23:13:13","modified_gmt":"2023-05-17T02:13:13","slug":"amarilla-encabezo-una-recorrida-de-ecovamos-corrientes-en-el-barrio-popular","status":"publish","type":"post","link":"https:\/\/corrientesdetarde.com\/index.php\/sociales\/amarilla-encabezo-una-recorrida-de-ecovamos-corrientes-en-el-barrio-popular\/","title":{"rendered":"Amarilla encabez\u00f3 una recorrida de ECO+Vamos&nbsp;Corrientes en el barrio Popular"},"content":{"rendered":"\n<p>El candidato a concejal de ECO+Vamos Corrientes, Marcos Amarilla encabez\u00f3 este martes una recorrida junto a militantes de la alianza para tomar contacto con los vecinos del lugar y recoger de primera mano sus necesidades y demandas para luego transformarlas en proyectos que brinden soluciones desde el Concejo Deliberante de la ciudad de Corrientes. En este sentido, pusieron especial atenci\u00f3n en un asentamiento ubicado en la zona donde viven unas\u00a0200 familias.<\/p>\n\n\n\n<figure class=\"wp-block-image size-large\"><img loading=\"lazy\" decoding=\"async\" width=\"1024\" height=\"576\" src=\"https:\/\/corrientesdetarde.com\/wp-content\/uploads\/2023\/05\/image-477-1024x576.png\" alt=\"\" class=\"wp-image-61122\" srcset=\"https:\/\/corrientesdetarde.com\/wp-content\/uploads\/2023\/05\/image-477-1024x576.png 1024w, https:\/\/corrientesdetarde.com\/wp-content\/uploads\/2023\/05\/image-477-300x169.png 300w, https:\/\/corrientesdetarde.com\/wp-content\/uploads\/2023\/05\/image-477-768x432.png 768w, https:\/\/corrientesdetarde.com\/wp-content\/uploads\/2023\/05\/image-477.png 1280w\" sizes=\"auto, (max-width: 1024px) 100vw, 1024px\" \/><\/figure>\n\n\n\n<p>El punto de partida de esta recorrida de campa\u00f1a fue la plaza Ej\u00e9rcito Argentino, ubicada en Yatay y Basavilbaso, con un nutrido grupo militante que brind\u00f3 apoyo para que Amarilla pueda ir dialogando con los vecinos a medida que caminaban las calles del barrio Popular. Cabe se\u00f1alar que adem\u00e1s de la militancia, el aspirante a una banca en el parlamento comunal tuvo un especial acompa\u00f1amiento de los diputados provinciales Albana Rotela y Horacio Pozo.<\/p>\n\n\n<div class=\"wp-block-image\">\n<figure class=\"aligncenter size-full\"><img loading=\"lazy\" decoding=\"async\" width=\"562\" height=\"217\" src=\"https:\/\/corrientesdetarde.com\/wp-content\/uploads\/2023\/05\/image-480.png\" alt=\"\" class=\"wp-image-61126\" srcset=\"https:\/\/corrientesdetarde.com\/wp-content\/uploads\/2023\/05\/image-480.png 562w, https:\/\/corrientesdetarde.com\/wp-content\/uploads\/2023\/05\/image-480-300x116.png 300w\" sizes=\"auto, (max-width: 562px) 100vw, 562px\" \/><\/figure>\n<\/div>\n\n\n<p>Es importante se\u00f1alar tambi\u00e9n que en esta oportunidad adem\u00e1s estuvo presente junto a Amarilla, el subsecretario de Coordinaci\u00f3n Territorial Zona 1 de la Municipalidad, Julio Bartra, quien tom\u00f3 nota de cada una de las demandas que pudieron recoger en la ocasi\u00f3n.<\/p>\n\n\n\n<figure class=\"wp-block-image size-large\"><img loading=\"lazy\" decoding=\"async\" width=\"1024\" height=\"460\" src=\"https:\/\/corrientesdetarde.com\/wp-content\/uploads\/2023\/05\/image-478-1024x460.png\" alt=\"\" class=\"wp-image-61123\" srcset=\"https:\/\/corrientesdetarde.com\/wp-content\/uploads\/2023\/05\/image-478-1024x460.png 1024w, https:\/\/corrientesdetarde.com\/wp-content\/uploads\/2023\/05\/image-478-300x135.png 300w, https:\/\/corrientesdetarde.com\/wp-content\/uploads\/2023\/05\/image-478-768x345.png 768w, https:\/\/corrientesdetarde.com\/wp-content\/uploads\/2023\/05\/image-478-1536x690.png 1536w, https:\/\/corrientesdetarde.com\/wp-content\/uploads\/2023\/05\/image-478.png 1600w\" sizes=\"auto, (max-width: 1024px) 100vw, 1024px\" \/><\/figure>\n\n\n\n<p>En este sentido, pusieron especial atenci\u00f3n en un asentamiento, ubicado entre las calles Morse y Quinquela Mart\u00edn, y fue donde m\u00e1s tiempo estuvieron dialogando con los vecinos, en el que viven unas 200 familias a la altura del pasaje Lavenne, promediando la distancia entre las avenidas Ra\u00fal Alfons\u00edn y Armenia. En ese sector ya se est\u00e1n iniciando los trabajos previos para construir cord\u00f3n cuneta con ripio sobre la calle Quinquela Mart\u00edn y ahora los vecinos del lugar solicitaron que luego se contin\u00fae con la instalaci\u00f3n de redes cloacales, dado que no poseen porque las casas se fueron construyendo precariamente en un contexto de asentamiento.<\/p>\n\n\n\n<p>Y en este marco, tambi\u00e9n visitaron el club &#8220;Las Abuelas del Albo&#8221;, donde Amarilla fue agasajado, con regalo de camiseta incluido, dada su simpat\u00eda por el Club Deportivo Mandiy\u00fa, como la gran mayor\u00eda del barrio Popular, ya que antiguamente en un predio de Tipoit\u00ed S.A. ubicado sobre avenida Armenia, entrenaba all\u00ed el equipo correntino que supo permanecer varios a\u00f1os en la primera categor\u00eda del f\u00fatbol argentino<\/p>\n\n\n\n<figure class=\"wp-block-image size-large\"><img loading=\"lazy\" decoding=\"async\" width=\"768\" height=\"1024\" src=\"https:\/\/corrientesdetarde.com\/wp-content\/uploads\/2023\/05\/image-479-768x1024.png\" alt=\"\" class=\"wp-image-61124\" srcset=\"https:\/\/corrientesdetarde.com\/wp-content\/uploads\/2023\/05\/image-479-768x1024.png 768w, https:\/\/corrientesdetarde.com\/wp-content\/uploads\/2023\/05\/image-479-225x300.png 225w, https:\/\/corrientesdetarde.com\/wp-content\/uploads\/2023\/05\/image-479-1152x1536.png 1152w, https:\/\/corrientesdetarde.com\/wp-content\/uploads\/2023\/05\/image-479.png 1200w\" sizes=\"auto, (max-width: 768px) 100vw, 768px\" \/><\/figure>\n","protected":false},"excerpt":{"rendered":"<p>El candidato a concejal de ECO+Vamos Corrientes, Marcos Amarilla encabez\u00f3 este martes una recorrida junto a militantes de la alianza para tomar contacto con los vecinos del lugar y recoger&hellip; <\/p>\n","protected":false},"author":1,"featured_media":61125,"comment_status":"closed","ping_status":"open","sticky":false,"template":"","format":"standard","meta":{"footnotes":""},"categories":[17],"tags":[],"class_list":["post-61121","post","type-post","status-publish","format-standard","has-post-thumbnail","hentry","category-sociales"],"_links":{"self":[{"href":"https:\/\/corrientesdetarde.com\/index.php\/wp-json\/wp\/v2\/posts\/61121","targetHints":{"allow":["GET"]}}],"collection":[{"href":"https:\/\/corrientesdetarde.com\/index.php\/wp-json\/wp\/v2\/posts"}],"about":[{"href":"https:\/\/corrientesdetarde.com\/index.php\/wp-json\/wp\/v2\/types\/post"}],"author":[{"embeddable":true,"href":"https:\/\/corrientesdetarde.com\/index.php\/wp-json\/wp\/v2\/users\/1"}],"replies":[{"embeddable":true,"href":"https:\/\/corrientesdetarde.com\/index.php\/wp-json\/wp\/v2\/comments?post=61121"}],"version-history":[{"count":1,"href":"https:\/\/corrientesdetarde.com\/index.php\/wp-json\/wp\/v2\/posts\/61121\/revisions"}],"predecessor-version":[{"id":61127,"href":"https:\/\/corrientesdetarde.com\/index.php\/wp-json\/wp\/v2\/posts\/61121\/revisions\/61127"}],"wp:featuredmedia":[{"embeddable":true,"href":"https:\/\/corrientesdetarde.com\/index.php\/wp-json\/wp\/v2\/media\/61125"}],"wp:attachment":[{"href":"https:\/\/corrientesdetarde.com\/index.php\/wp-json\/wp\/v2\/media?parent=61121"}],"wp:term":[{"taxonomy":"category","embeddable":true,"href":"https:\/\/corrientesdetarde.com\/index.php\/wp-json\/wp\/v2\/categories?post=61121"},{"taxonomy":"post_tag","embeddable":true,"href":"https:\/\/corrientesdetarde.com\/index.php\/wp-json\/wp\/v2\/tags?post=61121"}],"curies":[{"name":"wp","href":"https:\/\/api.w.org\/{rel}","templated":true}]}}