{"id":61533,"date":"2023-05-18T12:10:54","date_gmt":"2023-05-18T15:10:54","guid":{"rendered":"https:\/\/corrientesdetarde.com\/?p=61533"},"modified":"2023-05-18T12:13:22","modified_gmt":"2023-05-18T15:13:22","slug":"candidato-peronista-se-le-anima-a-capitanich-en-el-chaco","status":"publish","type":"post","link":"https:\/\/corrientesdetarde.com\/index.php\/politica\/candidato-peronista-se-le-anima-a-capitanich-en-el-chaco\/","title":{"rendered":"CANDIDATO PERONISTA SE LE ANIMA A CAPITANICH EN EL CHACO"},"content":{"rendered":"\n<p>(Pablo Roma, Enviado Especial) &#8211; Se trata de Ismael Walter Espinoza, el \u00fanico precandidato a Gobernador en Chaco que no es funcionario ni ostenta un cargo electivo y quien a pesar de eso est\u00e1 convencido que ser\u00e1 el ganador de las Elecciones PASO.<\/p>\n\n\n\n<p>El 19 de mayo se oficializan las listas y en el Frente Chaque\u00f1o hay dos listas oficialistas que disputar\u00e1n el lugar del candidato a Gobernador en la provincia del Chaco en estas PASO, una de las listas la 17 de Octubre que lleva como precandidato a Gobernador al actual mandatario Jorge Capitanich y la otra lista Siglo 21 Justicialista encabezada por el Dirigente Ismael Walter Espinoza.<\/p>\n\n\n\n<p>Este mes de campa\u00f1a se centra en que mientras Capitanich contin\u00faa su catarata de inauguraciones, del otro lado, Espinoza sigue sumando adhesiones a su candidatura de importantes dirigentes que seg\u00fan el desafiante candidato \u201cpiensan que es momento de cambio, cansados del trato que reciben en forma cotidiana por algunos funcionarios que a pesar de estar hace mucho tiempo en el cargo no pueden solucionar problemas de coyuntura en la Provincia\u201d.<\/p>\n\n\n\n<p>Cabe destacar que el Chaco es una provincia casi privilegiada porque recibe 30 mil millones de coparticipaci\u00f3n y 10 mil millones mensuales para obras p\u00fablicas pero tiene altos \u00edndices de precarizaci\u00f3n laboral en varios sectores fundamentalmente el de salud y otros problemas cotidianos que tienen a la ciudad capital sitiada por diferentes movimientos sociales que diariamente cortan las principales calles y avenidas que rodean a la casa de gobierno en pleno centro de la ciudad de las Esculturas.<\/p>\n\n\n\n<p>Eso produce mucho desgaste en la imagen del actual mandatario sumado al hecho de que tres reconocidos dirigentes justicialistas del Chaco se presentan por fuera del Frente Chaque\u00f1o como precandidatos a Gobernador que son el actual intendente de Resistencia Gustavo Mart\u00ednez con CER, el embajador en Paraguay Domingo Peppo con el Frente Unidos por la gente y el ex Vice gobernador de Capitanich en dos periodos Juan Carlos Ivanoff por el Frente Integrador. Por el lado del radicalismo hay dos precandidatos que son el Diputado Nacional Juan Carlos Polini y el actual Diputado Provincial Leandro Zdero.<\/p>\n","protected":false},"excerpt":{"rendered":"<p>(Pablo Roma, Enviado Especial) &#8211; Se trata de Ismael Walter Espinoza, el \u00fanico precandidato a Gobernador en Chaco que no es funcionario ni ostenta un cargo electivo y quien a&hellip; <\/p>\n","protected":false},"author":11,"featured_media":61535,"comment_status":"closed","ping_status":"open","sticky":false,"template":"","format":"standard","meta":{"footnotes":""},"categories":[3],"tags":[444,447,378,448,449,445,50,446],"class_list":["post-61533","post","type-post","status-publish","format-standard","has-post-thumbnail","hentry","category-politica","tag-capitanich","tag-chaco","tag-elecciones","tag-espinoza","tag-gobernador","tag-ismael","tag-roma","tag-siglo"],"_links":{"self":[{"href":"https:\/\/corrientesdetarde.com\/index.php\/wp-json\/wp\/v2\/posts\/61533","targetHints":{"allow":["GET"]}}],"collection":[{"href":"https:\/\/corrientesdetarde.com\/index.php\/wp-json\/wp\/v2\/posts"}],"about":[{"href":"https:\/\/corrientesdetarde.com\/index.php\/wp-json\/wp\/v2\/types\/post"}],"author":[{"embeddable":true,"href":"https:\/\/corrientesdetarde.com\/index.php\/wp-json\/wp\/v2\/users\/11"}],"replies":[{"embeddable":true,"href":"https:\/\/corrientesdetarde.com\/index.php\/wp-json\/wp\/v2\/comments?post=61533"}],"version-history":[{"count":1,"href":"https:\/\/corrientesdetarde.com\/index.php\/wp-json\/wp\/v2\/posts\/61533\/revisions"}],"predecessor-version":[{"id":61536,"href":"https:\/\/corrientesdetarde.com\/index.php\/wp-json\/wp\/v2\/posts\/61533\/revisions\/61536"}],"wp:featuredmedia":[{"embeddable":true,"href":"https:\/\/corrientesdetarde.com\/index.php\/wp-json\/wp\/v2\/media\/61535"}],"wp:attachment":[{"href":"https:\/\/corrientesdetarde.com\/index.php\/wp-json\/wp\/v2\/media?parent=61533"}],"wp:term":[{"taxonomy":"category","embeddable":true,"href":"https:\/\/corrientesdetarde.com\/index.php\/wp-json\/wp\/v2\/categories?post=61533"},{"taxonomy":"post_tag","embeddable":true,"href":"https:\/\/corrientesdetarde.com\/index.php\/wp-json\/wp\/v2\/tags?post=61533"}],"curies":[{"name":"wp","href":"https:\/\/api.w.org\/{rel}","templated":true}]}}