{"id":61697,"date":"2023-05-19T08:54:47","date_gmt":"2023-05-19T11:54:47","guid":{"rendered":"https:\/\/corrientesdetarde.com\/?p=61697"},"modified":"2023-05-19T08:54:51","modified_gmt":"2023-05-19T11:54:51","slug":"los-adultos-mayores-disfrutaron-de-encuentro-bailable-a-todo-ritmo","status":"publish","type":"post","link":"https:\/\/corrientesdetarde.com\/index.php\/sociales\/los-adultos-mayores-disfrutaron-de-encuentro-bailable-a-todo-ritmo\/","title":{"rendered":"Los adultos mayores disfrutaron de encuentro bailable a todo ritmo"},"content":{"rendered":"\n<p>Con gran \u00e9xito se llev\u00f3 a cabo este jueves 18 el Encuentro bailable de adultos mayores organizado por el Ministerio de Desarrollo Social de la provincia en la Asociaci\u00f3n Casa Paraguaya ubicada en Avda. Armenia 2945.<\/p>\n\n\n\n<p>Esta actividad se llev\u00f3 a cabo bajo la Coordinaci\u00f3n del \u00c1rea de Adultos Mayores cuya titular es la Lic. Nelly Pintos, en el marco del Programa \u201cVivir Mejor\u201d el cual promueve los encuentros sociales, recreativos y cognitivos para el desarrollo personal y emocional, instrumentos que son de mayor eficacia para mejorar la calidad de vida de la persona mayor.<\/p>\n\n\n\n<p>Participaron de la jornada m\u00e1s de 300 adultos mayores pertenecientes a los Clubes de Abuelos de Capital y de localidades cercanas.<\/p>\n\n\n\n<figure class=\"wp-block-image size-large\"><img loading=\"lazy\" decoding=\"async\" width=\"1024\" height=\"669\" src=\"https:\/\/corrientesdetarde.com\/wp-content\/uploads\/2023\/05\/Captura-de-pantalla-2023-05-19-085343-1024x669.png\" alt=\"\" class=\"wp-image-61717\" srcset=\"https:\/\/corrientesdetarde.com\/wp-content\/uploads\/2023\/05\/Captura-de-pantalla-2023-05-19-085343-1024x669.png 1024w, https:\/\/corrientesdetarde.com\/wp-content\/uploads\/2023\/05\/Captura-de-pantalla-2023-05-19-085343-300x196.png 300w, https:\/\/corrientesdetarde.com\/wp-content\/uploads\/2023\/05\/Captura-de-pantalla-2023-05-19-085343-768x502.png 768w, https:\/\/corrientesdetarde.com\/wp-content\/uploads\/2023\/05\/Captura-de-pantalla-2023-05-19-085343.png 1272w\" sizes=\"auto, (max-width: 1024px) 100vw, 1024px\" \/><\/figure>\n\n\n\n<p>Con la alegr\u00eda que los caracteriza, los abuelos disfrutaron de una jornada de baile, encuentro y gran alegr\u00eda.<\/p>\n\n\n\n<p>Tambi\u00e9n disfrutaron de un refrigerio y torta.<\/p>\n\n\n\n<p>\u201cEstamos muy felices de poder concretar este evento gracias al apoyo del Gobernador Gustavo Vald\u00e9s y de la gesti\u00f3n del Ministro Ad\u00e1n Gaya, hoy tambi\u00e9n contamos con el apoyo de la Direcci\u00f3n de Juventud del Ministerio a cargo de Clara Gortari algo que empodera cada vez m\u00e1s, brindamos mucha contenci\u00f3n, mucha alegr\u00eda y sobre todo favorecemos el encuentro de ellos como derecho&nbsp;al esparcimiento a la recreaci\u00f3n ,plasmamos lo que est\u00e1 contemplado en la convenci\u00f3n interamericana de adultos mayores \u201c coment\u00f3 la Lic. Nelly Pintos.<\/p>\n","protected":false},"excerpt":{"rendered":"<p>Con gran \u00e9xito se llev\u00f3 a cabo este jueves 18 el Encuentro bailable de adultos mayores organizado por el Ministerio de Desarrollo Social de la provincia en la Asociaci\u00f3n Casa&hellip; <\/p>\n","protected":false},"author":4,"featured_media":61716,"comment_status":"closed","ping_status":"open","sticky":false,"template":"","format":"standard","meta":{"footnotes":""},"categories":[17],"tags":[],"class_list":["post-61697","post","type-post","status-publish","format-standard","has-post-thumbnail","hentry","category-sociales"],"_links":{"self":[{"href":"https:\/\/corrientesdetarde.com\/index.php\/wp-json\/wp\/v2\/posts\/61697","targetHints":{"allow":["GET"]}}],"collection":[{"href":"https:\/\/corrientesdetarde.com\/index.php\/wp-json\/wp\/v2\/posts"}],"about":[{"href":"https:\/\/corrientesdetarde.com\/index.php\/wp-json\/wp\/v2\/types\/post"}],"author":[{"embeddable":true,"href":"https:\/\/corrientesdetarde.com\/index.php\/wp-json\/wp\/v2\/users\/4"}],"replies":[{"embeddable":true,"href":"https:\/\/corrientesdetarde.com\/index.php\/wp-json\/wp\/v2\/comments?post=61697"}],"version-history":[{"count":1,"href":"https:\/\/corrientesdetarde.com\/index.php\/wp-json\/wp\/v2\/posts\/61697\/revisions"}],"predecessor-version":[{"id":61718,"href":"https:\/\/corrientesdetarde.com\/index.php\/wp-json\/wp\/v2\/posts\/61697\/revisions\/61718"}],"wp:featuredmedia":[{"embeddable":true,"href":"https:\/\/corrientesdetarde.com\/index.php\/wp-json\/wp\/v2\/media\/61716"}],"wp:attachment":[{"href":"https:\/\/corrientesdetarde.com\/index.php\/wp-json\/wp\/v2\/media?parent=61697"}],"wp:term":[{"taxonomy":"category","embeddable":true,"href":"https:\/\/corrientesdetarde.com\/index.php\/wp-json\/wp\/v2\/categories?post=61697"},{"taxonomy":"post_tag","embeddable":true,"href":"https:\/\/corrientesdetarde.com\/index.php\/wp-json\/wp\/v2\/tags?post=61697"}],"curies":[{"name":"wp","href":"https:\/\/api.w.org\/{rel}","templated":true}]}}