{"id":61698,"date":"2023-05-19T08:50:56","date_gmt":"2023-05-19T11:50:56","guid":{"rendered":"https:\/\/corrientesdetarde.com\/?p=61698"},"modified":"2023-05-19T08:51:18","modified_gmt":"2023-05-19T11:51:18","slug":"la-provincia-continua-pavimentando-con-concreto-asfaltico-calles-del-barrio-general-madariaga","status":"publish","type":"post","link":"https:\/\/corrientesdetarde.com\/index.php\/actualidad\/la-provincia-continua-pavimentando-con-concreto-asfaltico-calles-del-barrio-general-madariaga\/","title":{"rendered":"La Provincia contin\u00faa pavimentando con concreto asf\u00e1ltico calles del barrio General Madariaga"},"content":{"rendered":"\n<p>La Provincia&nbsp;contin\u00faa sin pausa su programa de trabajos para pavimentar con concreto asf\u00e1ltico&nbsp;una veintena de cuadras del barrio&nbsp;General Madariaga de la ciudad de Corrientes. En la actualidad&nbsp;se est\u00e1 asfaltando la calle Ni\u00f1o Jes\u00fas, entre Hungr\u00eda y Armenia y se trabaja en el preparado del suelo de la calle Jacarand\u00e1.&nbsp;<\/p>\n\n\n\n<p>Estas obras, que se suman&nbsp;a las 34 cuadras de cord\u00f3n cuneta y ripio que recientemente dej\u00f3 inaugurado el gobernador Gustavo Vald\u00e9s, son emprendidas por el Ministerio de Obras y Servicios P\u00fablicos a trav\u00e9s de Vialidad Urbana.<\/p>\n\n\n\n<p>En&nbsp;el General Madariaga, el Gobierno Provincial tiene previsto ejecutar m\u00e1s de 1.700 metros lineales de calzada de siete metros de ancho de concreto asf\u00e1ltico, que abarca inicialmente 18 cuadras&nbsp;entre las que se cuentan Samuel Morse de avenida Armenia a El Jacaranda (concluida),&nbsp;Abrevadero entre Los Tilos y Ni\u00f1o Jes\u00fas,&nbsp;El Jacarand\u00e1 de Morse a pasaje El Ceibo, El \u00d1andubay de Armenia a Yatay(concluida), El Sauce entre Armenia y El Jacarand\u00e1(concluida), General Paunero de El Jacarand\u00e1 a Hungr\u00eda, entre Hungr\u00eda y Armenia&nbsp;y Yatay entre Morse y Ni\u00f1o Jes\u00fas.<\/p>\n\n\n\n<p>Cabe destacar que este plan de asfaltado fue posible gracias a que todas las calles intervenidas ya contaban con su respectivo cord\u00f3n cuneta&nbsp;y sus niveles de escurrimiento pluvial normalizados.<\/p>\n\n\n\n<p>Todos estos trabajos son ejecutados por administraci\u00f3n, es decir con personal y maquinaria propia del Estado Provincial, quien adem\u00e1s cuenta con una Planta de Procesamiento de asfalto caliente, hechos que implican una sustancial disminuci\u00f3n en los costos operativos de esas obras.<\/p>\n","protected":false},"excerpt":{"rendered":"<p>La Provincia&nbsp;contin\u00faa sin pausa su programa de trabajos para pavimentar con concreto asf\u00e1ltico&nbsp;una veintena de cuadras del barrio&nbsp;General Madariaga de la ciudad de Corrientes. En la actualidad&nbsp;se est\u00e1 asfaltando la&hellip; <\/p>\n","protected":false},"author":4,"featured_media":61713,"comment_status":"closed","ping_status":"open","sticky":false,"template":"","format":"standard","meta":{"footnotes":""},"categories":[23],"tags":[],"class_list":["post-61698","post","type-post","status-publish","format-standard","has-post-thumbnail","hentry","category-actualidad"],"_links":{"self":[{"href":"https:\/\/corrientesdetarde.com\/index.php\/wp-json\/wp\/v2\/posts\/61698","targetHints":{"allow":["GET"]}}],"collection":[{"href":"https:\/\/corrientesdetarde.com\/index.php\/wp-json\/wp\/v2\/posts"}],"about":[{"href":"https:\/\/corrientesdetarde.com\/index.php\/wp-json\/wp\/v2\/types\/post"}],"author":[{"embeddable":true,"href":"https:\/\/corrientesdetarde.com\/index.php\/wp-json\/wp\/v2\/users\/4"}],"replies":[{"embeddable":true,"href":"https:\/\/corrientesdetarde.com\/index.php\/wp-json\/wp\/v2\/comments?post=61698"}],"version-history":[{"count":1,"href":"https:\/\/corrientesdetarde.com\/index.php\/wp-json\/wp\/v2\/posts\/61698\/revisions"}],"predecessor-version":[{"id":61714,"href":"https:\/\/corrientesdetarde.com\/index.php\/wp-json\/wp\/v2\/posts\/61698\/revisions\/61714"}],"wp:featuredmedia":[{"embeddable":true,"href":"https:\/\/corrientesdetarde.com\/index.php\/wp-json\/wp\/v2\/media\/61713"}],"wp:attachment":[{"href":"https:\/\/corrientesdetarde.com\/index.php\/wp-json\/wp\/v2\/media?parent=61698"}],"wp:term":[{"taxonomy":"category","embeddable":true,"href":"https:\/\/corrientesdetarde.com\/index.php\/wp-json\/wp\/v2\/categories?post=61698"},{"taxonomy":"post_tag","embeddable":true,"href":"https:\/\/corrientesdetarde.com\/index.php\/wp-json\/wp\/v2\/tags?post=61698"}],"curies":[{"name":"wp","href":"https:\/\/api.w.org\/{rel}","templated":true}]}}