{"id":61719,"date":"2023-05-19T08:59:49","date_gmt":"2023-05-19T11:59:49","guid":{"rendered":"https:\/\/corrientesdetarde.com\/?p=61719"},"modified":"2023-05-19T09:09:26","modified_gmt":"2023-05-19T12:09:26","slug":"este-fin-de-semana-habra-musica-gastronomiay-deporte-al-aire-libre-para-toda-la-familia","status":"publish","type":"post","link":"https:\/\/corrientesdetarde.com\/index.php\/actualidad\/este-fin-de-semana-habra-musica-gastronomiay-deporte-al-aire-libre-para-toda-la-familia\/","title":{"rendered":"Este fin de semana habr\u00e1 m\u00fasica, gastronom\u00eda y deporte al aire libre para toda la familia"},"content":{"rendered":"\n<p><em>Eventos musicales al aire libre, actividades deportivas, platos t\u00edpicos y playas ser\u00e1n algunas de las propuestas para chicos y grandes dispuestas por la Municipalidad de Corrientes para este fin de semana.<\/em><\/p>\n\n\n\n<figure class=\"wp-block-image size-large\"><img loading=\"lazy\" decoding=\"async\" width=\"1024\" height=\"676\" src=\"https:\/\/corrientesdetarde.com\/wp-content\/uploads\/2023\/05\/Captura-de-pantalla-2023-05-19-085647-1024x676.png\" alt=\"\" class=\"wp-image-61722\" srcset=\"https:\/\/corrientesdetarde.com\/wp-content\/uploads\/2023\/05\/Captura-de-pantalla-2023-05-19-085647-1024x676.png 1024w, https:\/\/corrientesdetarde.com\/wp-content\/uploads\/2023\/05\/Captura-de-pantalla-2023-05-19-085647-300x198.png 300w, https:\/\/corrientesdetarde.com\/wp-content\/uploads\/2023\/05\/Captura-de-pantalla-2023-05-19-085647-768x507.png 768w, https:\/\/corrientesdetarde.com\/wp-content\/uploads\/2023\/05\/Captura-de-pantalla-2023-05-19-085647.png 1226w\" sizes=\"auto, (max-width: 1024px) 100vw, 1024px\" \/><\/figure>\n\n\n\n<p>Como parte de las acciones que viene realizando la Municipalidad para que vecinos y turistas tengan acceso gratuito a actividades l\u00fadicas, recreativas y deportivas, nuevamente durante este fin de semana, habr\u00e1 interesantes propuestas en diferentes espacios al aire libre en distintos barrios de la ciudad.<br><br>La Feria de Artesanos tendr\u00e1 lugar este viernes, de 9 a 21, en la plaza Cabral, en tanto que el s\u00e1bado 20 y domingo 21 se trasladar\u00e1 a la avenida Costanera Sur y calle Heras, en el mismo horario. En el lugar se pueden encontrar objetos totalmente artesanales para obsequiar o regalarse adem\u00e1s de plantas y juguetes tambi\u00e9n artesanales.<\/p>\n\n\n\n<figure class=\"wp-block-image size-large\"><img loading=\"lazy\" decoding=\"async\" width=\"1024\" height=\"670\" src=\"https:\/\/corrientesdetarde.com\/wp-content\/uploads\/2023\/05\/Captura-de-pantalla-2023-05-19-085656-1024x670.png\" alt=\"\" class=\"wp-image-61723\" srcset=\"https:\/\/corrientesdetarde.com\/wp-content\/uploads\/2023\/05\/Captura-de-pantalla-2023-05-19-085656-1024x670.png 1024w, https:\/\/corrientesdetarde.com\/wp-content\/uploads\/2023\/05\/Captura-de-pantalla-2023-05-19-085656-300x196.png 300w, https:\/\/corrientesdetarde.com\/wp-content\/uploads\/2023\/05\/Captura-de-pantalla-2023-05-19-085656-768x502.png 768w, https:\/\/corrientesdetarde.com\/wp-content\/uploads\/2023\/05\/Captura-de-pantalla-2023-05-19-085656.png 1249w\" sizes=\"auto, (max-width: 1024px) 100vw, 1024px\" \/><\/figure>\n\n\n\n<p><br><br>El viernes en el barrio San Antonio Este (en la intersecci\u00f3n de las calles Rold\u00e1n y Alta Gracia), los vecinos podr\u00e1n disfrutar de una tarde de Cine en el Punto Digital, de 15.30 a 18.<br><br>En tanto que el s\u00e1bado 20 de mayo, a las 15, el barrio San Ger\u00f3nimo recibir\u00e1 a los Juegos Barriales 2023. En la plaza La Tradici\u00f3n se desarrollar\u00e1n distintas actividades deportivas para todas las edades. Entre ellas: tejo, ajedrez, zumba, f\u00fatbol tenis, roller, golf croquet, torneo de penales infantil y femenino libre, taekwondo y taekwondo inclusivo y atletismo.<br><br>En la delegaci\u00f3n municipal del barrio Uni\u00f3n se desarrollar\u00e1 el programa \u201cFortaleciendo v\u00ednculos en familia\u201d, de 16 a 20, con actividades l\u00fadicas y deportivas, exposiciones y emprendedores locales.<\/p>\n\n\n\n<figure class=\"wp-block-image size-large\"><img loading=\"lazy\" decoding=\"async\" width=\"1024\" height=\"604\" src=\"https:\/\/corrientesdetarde.com\/wp-content\/uploads\/2023\/05\/Captura-de-pantalla-2023-05-19-085638-1024x604.png\" alt=\"\" class=\"wp-image-61721\" srcset=\"https:\/\/corrientesdetarde.com\/wp-content\/uploads\/2023\/05\/Captura-de-pantalla-2023-05-19-085638-1024x604.png 1024w, https:\/\/corrientesdetarde.com\/wp-content\/uploads\/2023\/05\/Captura-de-pantalla-2023-05-19-085638-300x177.png 300w, https:\/\/corrientesdetarde.com\/wp-content\/uploads\/2023\/05\/Captura-de-pantalla-2023-05-19-085638-768x453.png 768w, https:\/\/corrientesdetarde.com\/wp-content\/uploads\/2023\/05\/Captura-de-pantalla-2023-05-19-085638.png 1241w\" sizes=\"auto, (max-width: 1024px) 100vw, 1024px\" \/><\/figure>\n\n\n\n<p><br>Asimismo, &nbsp;a partir de las 17, en el Paseo Universitario del parque Mitre se desarrollar\u00e1 una nueva edici\u00f3n de la Pe\u00f1a del Arte. En esta oportunidad, actuar\u00e1n el Estudio de Danzas de Romina Acosta Davis, Aslhey Rub\u00edn, Roc\u00edo de los Milagros, Alexander Fern\u00e1ndez, la Embajada Playadito con N\u00e9lida Argentina Zen\u00f3n, el Ballet Folkl\u00f3rico Aram\u00ed y Consuelo Castillo. Tambi\u00e9n para los que se acerquen a disfrutar del espect\u00e1culo gratuito y al aire libre habr\u00e1 disponible un paseo de artesanos y gastron\u00f3micos.<\/p>\n\n\n\n<figure class=\"wp-block-image size-full\"><img loading=\"lazy\" decoding=\"async\" width=\"696\" height=\"864\" src=\"https:\/\/corrientesdetarde.com\/wp-content\/uploads\/2023\/05\/Captura-de-pantalla-2023-05-19-085706.png\" alt=\"\" class=\"wp-image-61724\" srcset=\"https:\/\/corrientesdetarde.com\/wp-content\/uploads\/2023\/05\/Captura-de-pantalla-2023-05-19-085706.png 696w, https:\/\/corrientesdetarde.com\/wp-content\/uploads\/2023\/05\/Captura-de-pantalla-2023-05-19-085706-242x300.png 242w\" sizes=\"auto, (max-width: 696px) 100vw, 696px\" \/><\/figure>\n\n\n\n<p><br><br>En tanto, de 18 a 22, en la plaza La Cruz (en la intersecci\u00f3n de las calles Belgrano y Buenos Aires) se llevar\u00e1 adelante una nueva edici\u00f3n de las \u201cTertulias Correntinas\u201d. En el lugar, el Dr. Enrique Eduardo Galiana confirmar\u00e1 relatos hist\u00f3ricos de la zona. Adem\u00e1s, participar\u00e1n los elencos art\u00edsticos: Ra\u00edz Chamamecera y Corrientes Norte. Habr\u00e1 tambi\u00e9n arte en vivo a cargo de Hern\u00e1n Rodolfo Ram\u00edrez, artesanos, libros y emprendedores gastron\u00f3micos.<br><br>Asimismo, en el Centro Cultural Adolfo Mors, desde las 19, ser\u00e1 el cierre de la muestra &#8216;Chaque&#8217;, 100 a\u00f1os, vida y obra de Mario A. Mauri\u00f1o.<br><br>El domingo 21 de mayo se realizar\u00e1 un cuadrangular deportivo en el marco del programa de Prevenci\u00f3n de Consumos Problem\u00e1ticos, de 15 a 20, en el barrio Universitario (Agust\u00edn Mazza y S\u00e1nchez de Bustamante). En la oportunidad se brindar\u00e1n charlas y actividades deportivas.<br><br>Para quienes deseen degustar de excelentes y aut\u00f3ctonos platos habr\u00e1 disponible en la intersecci\u00f3n de las calles Chaco y Pellegrini un Patio Gastron\u00f3mico desde las 17 y hasta las 23.<\/p>\n\n\n\n<figure class=\"wp-block-image size-full\"><img loading=\"lazy\" decoding=\"async\" width=\"692\" height=\"850\" src=\"https:\/\/corrientesdetarde.com\/wp-content\/uploads\/2023\/05\/Captura-de-pantalla-2023-05-19-085715.png\" alt=\"\" class=\"wp-image-61725\" srcset=\"https:\/\/corrientesdetarde.com\/wp-content\/uploads\/2023\/05\/Captura-de-pantalla-2023-05-19-085715.png 692w, https:\/\/corrientesdetarde.com\/wp-content\/uploads\/2023\/05\/Captura-de-pantalla-2023-05-19-085715-244x300.png 244w\" sizes=\"auto, (max-width: 692px) 100vw, 692px\" \/><\/figure>\n\n\n\n<p><br><br>Y, para los amantes de la m\u00fasica litorale\u00f1a, la Pe\u00f1a Oficial de la Ciudad tendr\u00e1 lugar nuevamente en la rotonda de plaza Espa\u00f1a (Av. Pujol y Roca). Desde las 18 actuar\u00e1n: Munay Danza, el grupo Trinar Folklore, la Embajada Playadito con N\u00e9lida Zen\u00f3n, Franco Almir\u00f3n Grupo, la Familia Chamamecera, Corrientes Norte. Habr\u00e1 tambi\u00e9n feria gastron\u00f3mica y de emprendedores.<br><br>Para quienes no puedan acercarse, se realizar\u00e1 la transmisi\u00f3n en vivo a trav\u00e9s del Facebook y el YouTube de la Municipalidad de Corrientes.<br><br>PLAYAS HABILITADAS<br><br>Durante este fin de semana todos los balnearios capitalinos: Arazaty I, Malvinas II (tambi\u00e9n el paseo balneario recreativo exclusivo para canes) y Molina Punta estar\u00e1n habilitados, como siempre: de 8 a 20.<br><br>Vale recordar que el horario de servicio de ba\u00f1os p\u00fablicos es en: Arazaty I de 8 a &nbsp;24, &nbsp;en Arazaty II de 8 a 22, en Malvinas I de 8 a 23, en &nbsp;Malvinas II &nbsp;y Molina Punta de 8 a 20.<\/p>\n","protected":false},"excerpt":{"rendered":"<p>Eventos musicales al aire libre, actividades deportivas, platos t\u00edpicos y playas ser\u00e1n algunas de las propuestas para chicos y grandes dispuestas por la Municipalidad de Corrientes para este fin de&hellip; <\/p>\n","protected":false},"author":4,"featured_media":61720,"comment_status":"closed","ping_status":"open","sticky":false,"template":"","format":"standard","meta":{"footnotes":""},"categories":[23],"tags":[],"class_list":["post-61719","post","type-post","status-publish","format-standard","has-post-thumbnail","hentry","category-actualidad"],"_links":{"self":[{"href":"https:\/\/corrientesdetarde.com\/index.php\/wp-json\/wp\/v2\/posts\/61719","targetHints":{"allow":["GET"]}}],"collection":[{"href":"https:\/\/corrientesdetarde.com\/index.php\/wp-json\/wp\/v2\/posts"}],"about":[{"href":"https:\/\/corrientesdetarde.com\/index.php\/wp-json\/wp\/v2\/types\/post"}],"author":[{"embeddable":true,"href":"https:\/\/corrientesdetarde.com\/index.php\/wp-json\/wp\/v2\/users\/4"}],"replies":[{"embeddable":true,"href":"https:\/\/corrientesdetarde.com\/index.php\/wp-json\/wp\/v2\/comments?post=61719"}],"version-history":[{"count":3,"href":"https:\/\/corrientesdetarde.com\/index.php\/wp-json\/wp\/v2\/posts\/61719\/revisions"}],"predecessor-version":[{"id":61729,"href":"https:\/\/corrientesdetarde.com\/index.php\/wp-json\/wp\/v2\/posts\/61719\/revisions\/61729"}],"wp:featuredmedia":[{"embeddable":true,"href":"https:\/\/corrientesdetarde.com\/index.php\/wp-json\/wp\/v2\/media\/61720"}],"wp:attachment":[{"href":"https:\/\/corrientesdetarde.com\/index.php\/wp-json\/wp\/v2\/media?parent=61719"}],"wp:term":[{"taxonomy":"category","embeddable":true,"href":"https:\/\/corrientesdetarde.com\/index.php\/wp-json\/wp\/v2\/categories?post=61719"},{"taxonomy":"post_tag","embeddable":true,"href":"https:\/\/corrientesdetarde.com\/index.php\/wp-json\/wp\/v2\/tags?post=61719"}],"curies":[{"name":"wp","href":"https:\/\/api.w.org\/{rel}","templated":true}]}}