{"id":61738,"date":"2023-05-19T09:24:20","date_gmt":"2023-05-19T12:24:20","guid":{"rendered":"https:\/\/corrientesdetarde.com\/?p=61738"},"modified":"2023-05-19T09:24:23","modified_gmt":"2023-05-19T12:24:23","slug":"valdes-presidio-el-cierre-de-la-exposicion-nacional-de-razas-estamos-construyendo-futuro","status":"publish","type":"post","link":"https:\/\/corrientesdetarde.com\/index.php\/actualidad\/valdes-presidio-el-cierre-de-la-exposicion-nacional-de-razas-estamos-construyendo-futuro\/","title":{"rendered":"Vald\u00e9s presidi\u00f3 el cierre de la Exposici\u00f3n Nacional de Razas: &#8220;Estamos construyendo futuro&#8221;"},"content":{"rendered":"\n<p>El gobernador Gustavo Vald\u00e9s encabez\u00f3 este jueves el cierre de la Exposici\u00f3n Nacional de Razas, tambi\u00e9n conocido como \u201cLas Nacionales\u201d, que se llev\u00f3 adelante desde este lunes 15 de mayo en el predio de la Sociedad Rural de Corrientes (SRC), ubicado en Riachuelo. En ese marco, ante los presentes subray\u00f3 que \u201cestamos construyendo futuro\u201d y llam\u00f3 a reflexionar acerca del rol del Estado y la producci\u00f3n, porque \u201cla Rep\u00fablica Argentina es el campo y ac\u00e1 lo reafirmamos\u201d.<\/p>\n\n\n\n<p>De esta manera, el Mandatario correntino particip\u00f3 espec\u00edficamente del cocktail \u201cLa noche de los grandes campeones\u201d en el marco del mencionado evento, que reuni\u00f3 por tercer a\u00f1o consecutivo la 20\u00b0 Exposici\u00f3n Nacional Braford y la 11\u00b0 Exposici\u00f3n Nacional del Ternero Braford; la 21\u00b0 Exposici\u00f3n Nacional Brahman; y la 2\u00b0 Exposici\u00f3n Regional de Dorper y White Dorper. El mismo es organizado por ExpoAgro, con el apoyo del Gobierno provincial.<\/p>\n\n\n\n<p><strong>&#8220;El Estado no es el due\u00f1o de todo&#8221;<\/strong><\/p>\n\n\n\n<p>\u201cQuiero agradecer como Gobernador de la provincia de Corrientes la presencia de cada uno de ustedes en esta noche donde, como decimos los correntinos, nos estamos \u00b4enchamigando\u00b4\u201d, expres\u00f3 Vald\u00e9s al iniciar su discurso. Valor\u00f3 as\u00ed este tipo de espacios, porque de alguna manera \u201cestamos construyendo futuro\u201d.<\/p>\n\n\n\n<p>Agreg\u00f3 que \u201ctenemos que reflexionar acerca del rol del Estado y la producci\u00f3n: siempre digo que la Rep\u00fablica Argentina es el campo y ac\u00e1 en Corrientes nosotros lo reafirmamos\u201d. Dijo que \u201csomos campo, producci\u00f3n, trabajo y estas Nacionales, es excelencia\u201d.<\/p>\n\n\n\n<p>Afirm\u00f3 que \u201cel Gobierno y el Estado no es el due\u00f1o de todo; el due\u00f1o de todo fuera de los campos es el Estado\u201d. Explic\u00f3 seguidamente que \u201cnosotros somos los responsables de generar las condiciones de producci\u00f3n, pero, sin embargo, los productores son los responsables de generar la excelencia gen\u00e9tica que nos llena de orgullo a los argentinos en el mundo\u201d.<\/p>\n\n\n\n<p>El titular del Poder Ejecutivo provincial resalt\u00f3 que \u201ccada a\u00f1o que pasa me llena de orgullo el sector, porque los productores del campo correntino, a pesar del fuego, de la seca, siguen produciendo y trabajando. Por eso los insisto a seguir haci\u00e9ndolo, y a los del resto de las provincias que nos est\u00e1n acompa\u00f1ando hoy, les digo que esta es su casa\u201d.<\/p>\n\n\n\n<p>En contacto con la prensa, Gustavo Vald\u00e9s fue consultado sobre la importancia que le asigna el Gobierno a este evento, por lo cual manifest\u00f3 que \u201cnosotros productivamente lo que apostamos mucho es a la gen\u00e9tica y el tener mundiales o nacionales, la verdad que nos llena de orgullo, de felicidad\u201d. Dijo que \u201cver los precios, conversar con los ganaderos, sobre sus problem\u00e1ticas y este tipo de ganader\u00eda y de gen\u00e9tica de excelencia, permite mirar en el futuro a Corrientes como una potencia n\u00famero uno de la Argentina y de Sudam\u00e9rica\u201d.<\/p>\n\n\n\n<p>Respecto a la articulaci\u00f3n p\u00fablica-privada, sostuvo que \u201ctenemos que trabajar desde el Estado para generar excelencia, la cual debe venir del sector privado, generando empleo, potenciando la producci\u00f3n y tambi\u00e9n coronando y premiando a aquellos que pueden exhibir este tipo de productos que son de excelencia mundial\u201d. A\u00f1adi\u00f3 que \u201cparte de la excelencia productiva tambi\u00e9n tiene que ver con la industrializaci\u00f3n: ojal\u00e1 podamos tener un Gobierno nacional con alg\u00fan tipo de incentivo para que nosotros podamos tener frigor\u00edficos y avanzar sobre la industria c\u00e1rnica, que nos garantice tener un cupo de determinado tiempo, ya que, si contamos con determinadas toneladas durante determinados a\u00f1os, seguramente estar\u00e1 la inversi\u00f3n en Corrientes\u201d.<\/p>\n\n\n\n<p>Por \u00faltimo, Vald\u00e9s le aconsej\u00f3 a la pr\u00f3xima gesti\u00f3n nacional, \u201cdesde este lugar donde Corrientes muestra al pa\u00eds y al mundo la gen\u00e9tica ganadera, que tenga previsibilidad, seguridad jur\u00eddica, que apuesten al federalismo y por la igualdad de las provincias argentinas, solamente as\u00ed, pensando en la producci\u00f3n y en la industrializaci\u00f3n, vamos a salir adelante\u201d. Puntualiz\u00f3 que \u201csi esperamos nosotros los d\u00f3lares que se necesitan en la Argentina, va a ser dif\u00edcil que salga, y esa mirada hay que buscarla en el interior, por supuesto con cada una de las provincias argentinas como una uni\u00f3n que somos, 23 provincias argentinas trabajando para el bienestar general\u201d.<\/p>\n\n\n\n<p><strong>Brahman super\u00f3 despu\u00e9s de 20 a\u00f1os, los 100 animales en pista<\/strong><\/p>\n\n\n\n<p>Por su parte, el presidente de la Asociaci\u00f3n de Criadores Brahman de Argentina, Esteban Binaghi, destac\u00f3 entre otras cosas el v\u00ednculo con la SRC, ya que \u201chace 10 a\u00f1os que empezamos a venir ac\u00e1 y siempre fuimos recibidos desde el primer momento, donde nos sentimos muy c\u00f3modos y con un apoyo total\u201d. Tambi\u00e9n, aprovech\u00f3 para dejar \u201cun mensaje de optimismo en un contexto de pa\u00eds, que no lo voy a contar a todos de c\u00f3mo est\u00e1, pero s\u00ed que nos podemos unir, pensar en cosas superadoras, un ejemplo de esto: tres razas que se juntan, que tienen un objetivo com\u00fan, que es brindar herramientas al productor para que trabaje, para que sea m\u00e1s eficiente, para que produzca para un pa\u00eds, para el mundo\u201d.<\/p>\n\n\n\n<p>Igualmente \u201cante tanta negatividad, nuestra raza super\u00f3 despu\u00e9s de 20 a\u00f1os los 100 animales en pista, 23 expositores\u201d, concluy\u00f3.<\/p>\n\n\n\n<p>El gerente de Comunicaci\u00f3n de Expoagro, Diego Abdo, coment\u00f3 que \u201cpara nosotros como organizadores del evento, estamos con mucha alegr\u00eda de volver a Corrientes, una provincia que nos trata muy bien, la cual tiene que ver mucho con la ganader\u00eda, y con el Gobierno de la Provincia que siempre est\u00e1 acompa\u00f1ando\u201d. Cont\u00f3 que para el cierre de esta \u00faltima jornada y luego del cocktail, se desarroll\u00f3 un remate de la Casa Consignataria Colombo y Magliano, que \u201ces una de las m\u00e1s importante de Argentina, donde se estuvo rematando algunos de los mejores ejemplares que fueron seleccionados por un prestigioso jurado a lo largo de la semana\u201d.<\/p>\n\n\n\n<p>Inform\u00f3 que \u201cel p\u00fablico que viene a estos eventos est\u00e1 muy focalizado en la ganader\u00eda, pero adem\u00e1s de caba\u00f1eros, productores agropecuarios, jurados, expertos, asesores y m\u00e9dicos veterinarios, asistieron tambi\u00e9n a asesorarse un poco de lo que sucede con la tecnolog\u00eda vinculada con la ganader\u00eda, ya que hubo alrededor de 40 empresas relacionadas exponiendo\u201d.<\/p>\n\n\n\n<p>\u201cPara nosotros estos eventos y logros alcanzados, nos hacen sentir como integrantes de un seleccionado, permiti\u00e9ndonos a su vez interactuar con jugadores destacados, un equipo donde cada uno cumpli\u00f3 un rol sobresaliente\u201d, destac\u00f3 el presidente de la SRC, Francisco Velar. Indic\u00f3 que \u201cest\u00e1 claro que los criadores, expositores y caba\u00f1eros se ganaron el n\u00famero 10 en la camiseta, adem\u00e1s de la admiraci\u00f3n y el respeto de todos, es evidente que las asociaciones cuentan con dirigentes, dignos herederos de aquellos visionarios que pensaron un producto que hoy ustedes hicieron realidad\u201d.<\/p>\n\n\n\n<p>El gobernador Vald\u00e9s estuvo a cargo de la entrega de uno de los premios, quien se encontraba acompa\u00f1ado por el ministro de Producci\u00f3n, Claudio Anselmo; el subsecretario de Ganader\u00eda y Producci\u00f3n Animal de la Naci\u00f3n, Jos\u00e9 Mar\u00eda Romero; los presidentes de la Asociaci\u00f3n Argentina de Braford, Juan Manuel Alberro; de la Asociaci\u00f3n de Criadores Brahman de Argentina, Esteban Binaghi; y de la Asociaci\u00f3n de Criadores Dorper y White Dorper de Argentina, Orlando Guastalla; el intendente de Riachuelo, Mart\u00edn Jetter; y el presidente de la SRC, Francisco Velar.<\/p>\n","protected":false},"excerpt":{"rendered":"<p>El gobernador Gustavo Vald\u00e9s encabez\u00f3 este jueves el cierre de la Exposici\u00f3n Nacional de Razas, tambi\u00e9n conocido como \u201cLas Nacionales\u201d, que se llev\u00f3 adelante desde este lunes 15 de mayo&hellip; <\/p>\n","protected":false},"author":4,"featured_media":61739,"comment_status":"closed","ping_status":"open","sticky":false,"template":"","format":"standard","meta":{"footnotes":""},"categories":[23],"tags":[],"class_list":["post-61738","post","type-post","status-publish","format-standard","has-post-thumbnail","hentry","category-actualidad"],"_links":{"self":[{"href":"https:\/\/corrientesdetarde.com\/index.php\/wp-json\/wp\/v2\/posts\/61738","targetHints":{"allow":["GET"]}}],"collection":[{"href":"https:\/\/corrientesdetarde.com\/index.php\/wp-json\/wp\/v2\/posts"}],"about":[{"href":"https:\/\/corrientesdetarde.com\/index.php\/wp-json\/wp\/v2\/types\/post"}],"author":[{"embeddable":true,"href":"https:\/\/corrientesdetarde.com\/index.php\/wp-json\/wp\/v2\/users\/4"}],"replies":[{"embeddable":true,"href":"https:\/\/corrientesdetarde.com\/index.php\/wp-json\/wp\/v2\/comments?post=61738"}],"version-history":[{"count":1,"href":"https:\/\/corrientesdetarde.com\/index.php\/wp-json\/wp\/v2\/posts\/61738\/revisions"}],"predecessor-version":[{"id":61740,"href":"https:\/\/corrientesdetarde.com\/index.php\/wp-json\/wp\/v2\/posts\/61738\/revisions\/61740"}],"wp:featuredmedia":[{"embeddable":true,"href":"https:\/\/corrientesdetarde.com\/index.php\/wp-json\/wp\/v2\/media\/61739"}],"wp:attachment":[{"href":"https:\/\/corrientesdetarde.com\/index.php\/wp-json\/wp\/v2\/media?parent=61738"}],"wp:term":[{"taxonomy":"category","embeddable":true,"href":"https:\/\/corrientesdetarde.com\/index.php\/wp-json\/wp\/v2\/categories?post=61738"},{"taxonomy":"post_tag","embeddable":true,"href":"https:\/\/corrientesdetarde.com\/index.php\/wp-json\/wp\/v2\/tags?post=61738"}],"curies":[{"name":"wp","href":"https:\/\/api.w.org\/{rel}","templated":true}]}}