{"id":61741,"date":"2023-05-19T09:36:34","date_gmt":"2023-05-19T12:36:34","guid":{"rendered":"https:\/\/corrientesdetarde.com\/?p=61741"},"modified":"2023-05-19T09:36:42","modified_gmt":"2023-05-19T12:36:42","slug":"allanaron-narcokiosco-en-la-olla-una-mujer-termino-detenida","status":"publish","type":"post","link":"https:\/\/corrientesdetarde.com\/index.php\/policiales\/allanaron-narcokiosco-en-la-olla-una-mujer-termino-detenida\/","title":{"rendered":"allanaron narcokiosco en La Olla:\u00a0Una mujer termin\u00f3 detenida"},"content":{"rendered":"\n<p>Este jueves, la Direcci\u00f3n General de Drogas Peligrosas realiz\u00f3 un allanamiento en la barriada la Olla. Seg\u00fan detall\u00f3 la fuerza, en el lugar se secuestraron 95 bochitas de coca\u00edna, \u00a0arrojando un peso total de 45grs, adem\u00e1s de una balanza de precisi\u00f3n, un p\u00f3ster de mercado pago, cuatro(4) celulares, tambi\u00e9n $64770 (pesos sesenta y cuatro mil setecientos setenta pesos ), 3 motocicletas, una bicicleta, un televisor y un equipo de sonido.\u00a0<\/p>\n\n\n\n<p>Durante el procedimiento, ordenado por &nbsp;el Juzgado Federal de Primera Instancia 1 &#8211; Secretar\u00eda Penal 2, se detuvo a una mujer quien ser\u00eda la responsable de gestionar un narcokiosco que funcionaba en el domicilio allanado, ubicado por calle Agua\u00ed, entre Bicentenario de la Patria y Valdepe\u00f1a.&nbsp;<\/p>\n","protected":false},"excerpt":{"rendered":"<p>Este jueves, la Direcci\u00f3n General de Drogas Peligrosas realiz\u00f3 un allanamiento en la barriada la Olla. Seg\u00fan detall\u00f3 la fuerza, en el lugar se secuestraron 95 bochitas de coca\u00edna, \u00a0arrojando&hellip; <\/p>\n","protected":false},"author":4,"featured_media":61742,"comment_status":"closed","ping_status":"open","sticky":false,"template":"","format":"standard","meta":{"footnotes":""},"categories":[33],"tags":[],"class_list":["post-61741","post","type-post","status-publish","format-standard","has-post-thumbnail","hentry","category-policiales"],"_links":{"self":[{"href":"https:\/\/corrientesdetarde.com\/index.php\/wp-json\/wp\/v2\/posts\/61741","targetHints":{"allow":["GET"]}}],"collection":[{"href":"https:\/\/corrientesdetarde.com\/index.php\/wp-json\/wp\/v2\/posts"}],"about":[{"href":"https:\/\/corrientesdetarde.com\/index.php\/wp-json\/wp\/v2\/types\/post"}],"author":[{"embeddable":true,"href":"https:\/\/corrientesdetarde.com\/index.php\/wp-json\/wp\/v2\/users\/4"}],"replies":[{"embeddable":true,"href":"https:\/\/corrientesdetarde.com\/index.php\/wp-json\/wp\/v2\/comments?post=61741"}],"version-history":[{"count":1,"href":"https:\/\/corrientesdetarde.com\/index.php\/wp-json\/wp\/v2\/posts\/61741\/revisions"}],"predecessor-version":[{"id":61743,"href":"https:\/\/corrientesdetarde.com\/index.php\/wp-json\/wp\/v2\/posts\/61741\/revisions\/61743"}],"wp:featuredmedia":[{"embeddable":true,"href":"https:\/\/corrientesdetarde.com\/index.php\/wp-json\/wp\/v2\/media\/61742"}],"wp:attachment":[{"href":"https:\/\/corrientesdetarde.com\/index.php\/wp-json\/wp\/v2\/media?parent=61741"}],"wp:term":[{"taxonomy":"category","embeddable":true,"href":"https:\/\/corrientesdetarde.com\/index.php\/wp-json\/wp\/v2\/categories?post=61741"},{"taxonomy":"post_tag","embeddable":true,"href":"https:\/\/corrientesdetarde.com\/index.php\/wp-json\/wp\/v2\/tags?post=61741"}],"curies":[{"name":"wp","href":"https:\/\/api.w.org\/{rel}","templated":true}]}}