{"id":61758,"date":"2023-05-19T10:50:09","date_gmt":"2023-05-19T13:50:09","guid":{"rendered":"https:\/\/corrientesdetarde.com\/?p=61758"},"modified":"2023-05-19T10:50:13","modified_gmt":"2023-05-19T13:50:13","slug":"corrientes-murio-un-hombre-tras-ser-atropellado-por-un-automovilista-que-siguio-y-se-fugo-hacia-brasil","status":"publish","type":"post","link":"https:\/\/corrientesdetarde.com\/index.php\/policiales\/corrientes-murio-un-hombre-tras-ser-atropellado-por-un-automovilista-que-siguio-y-se-fugo-hacia-brasil\/","title":{"rendered":"Corrientes: muri\u00f3 un hombre tras ser atropellado por un automovilista que sigui\u00f3 y se fug\u00f3 hacia Brasil"},"content":{"rendered":"\n<p>Un camionero de nacionalidad brasile\u00f1a muri\u00f3 como consecuencia del impacto de un autom\u00f3vil que circulaba por la Ruta Nacional 121, a la altura de la localidad correntina de Santo Tom\u00e9 y que luego, su conductor huy\u00f3 en direcci\u00f3n a Brasil.<\/p>\n\n\n\n<p>Pasadas las 6,30 de&nbsp;ayer un autom\u00f3vil, radicado en Brasil, atropell\u00f3 a dos personas que caminaban por el costado de la Ruta Nacional 121 a 300 metros de distancia del peaje internacional que une a la ciudad de Santo Tom\u00e9 con la brasile\u00f1a de Sao Borja.<\/p>\n\n\n\n<p>Como consecuencia del siniestro vial se produjo la muerte de un hombre mayor de edad, de nacionalidad brasile\u00f1a, que se desempe\u00f1aba como camionero y que caminaba por el lugar junto a otro conductor de carga.<\/p>\n\n\n\n<p>&#8220;Se desconocen mayores datos hasta el momento, ya que el conductor se dio a la fuga del lugar&#8221;, inform\u00f3 hoy la Polic\u00eda de Corrientes a trav\u00e9s de un comunicado.<\/p>\n\n\n\n<p>Seg\u00fan trascendi\u00f3, la v\u00edctima hab\u00eda estacionado su veh\u00edculo en el Centro Unificado de Frontera de Santo Tom\u00e9 y se dirig\u00edan a pie hasta el monumento al comandante Andresito Guacurar\u00ed, ubicado en el acceso a la localidad correntina de Santo Tom\u00e9.<\/p>\n\n\n\n<p>Si bien es materia de investigaci\u00f3n, una versi\u00f3n extraoficial se\u00f1ala que el autor de la colisi\u00f3n una vez que se produjo el incidente y mientras los heridos permanec\u00edan al costado de la ruta, retorn\u00f3 para avisar que iba en busca de ayuda, pero se dirigi\u00f3 de regreso a Brasil.<\/p>\n","protected":false},"excerpt":{"rendered":"<p>Un camionero de nacionalidad brasile\u00f1a muri\u00f3 como consecuencia del impacto de un autom\u00f3vil que circulaba por la Ruta Nacional 121, a la altura de la localidad correntina de Santo Tom\u00e9&hellip; <\/p>\n","protected":false},"author":4,"featured_media":61766,"comment_status":"closed","ping_status":"open","sticky":false,"template":"","format":"standard","meta":{"footnotes":""},"categories":[33],"tags":[],"class_list":["post-61758","post","type-post","status-publish","format-standard","has-post-thumbnail","hentry","category-policiales"],"_links":{"self":[{"href":"https:\/\/corrientesdetarde.com\/index.php\/wp-json\/wp\/v2\/posts\/61758","targetHints":{"allow":["GET"]}}],"collection":[{"href":"https:\/\/corrientesdetarde.com\/index.php\/wp-json\/wp\/v2\/posts"}],"about":[{"href":"https:\/\/corrientesdetarde.com\/index.php\/wp-json\/wp\/v2\/types\/post"}],"author":[{"embeddable":true,"href":"https:\/\/corrientesdetarde.com\/index.php\/wp-json\/wp\/v2\/users\/4"}],"replies":[{"embeddable":true,"href":"https:\/\/corrientesdetarde.com\/index.php\/wp-json\/wp\/v2\/comments?post=61758"}],"version-history":[{"count":1,"href":"https:\/\/corrientesdetarde.com\/index.php\/wp-json\/wp\/v2\/posts\/61758\/revisions"}],"predecessor-version":[{"id":61767,"href":"https:\/\/corrientesdetarde.com\/index.php\/wp-json\/wp\/v2\/posts\/61758\/revisions\/61767"}],"wp:featuredmedia":[{"embeddable":true,"href":"https:\/\/corrientesdetarde.com\/index.php\/wp-json\/wp\/v2\/media\/61766"}],"wp:attachment":[{"href":"https:\/\/corrientesdetarde.com\/index.php\/wp-json\/wp\/v2\/media?parent=61758"}],"wp:term":[{"taxonomy":"category","embeddable":true,"href":"https:\/\/corrientesdetarde.com\/index.php\/wp-json\/wp\/v2\/categories?post=61758"},{"taxonomy":"post_tag","embeddable":true,"href":"https:\/\/corrientesdetarde.com\/index.php\/wp-json\/wp\/v2\/tags?post=61758"}],"curies":[{"name":"wp","href":"https:\/\/api.w.org\/{rel}","templated":true}]}}