{"id":61768,"date":"2023-05-19T10:54:16","date_gmt":"2023-05-19T13:54:16","guid":{"rendered":"https:\/\/corrientesdetarde.com\/?p=61768"},"modified":"2023-05-19T10:54:20","modified_gmt":"2023-05-19T13:54:20","slug":"estaba-en-boxer-y-en-cuero-revelan-como-salio-saenz-valiente-de-su-casa-tras-la-muerte-de-emmily-rodrigues","status":"publish","type":"post","link":"https:\/\/corrientesdetarde.com\/index.php\/policiales\/estaba-en-boxer-y-en-cuero-revelan-como-salio-saenz-valiente-de-su-casa-tras-la-muerte-de-emmily-rodrigues\/","title":{"rendered":"\u201cEstaba en b\u00f3xer y en cuero\u201d: revelan c\u00f3mo sali\u00f3 S\u00e1enz Valiente de su casa tras la muerte de Emmily Rodrigues"},"content":{"rendered":"\n<p>Un testigo aport\u00f3 m\u00e1s informaci\u00f3n para la causa en la que se investiga la muerte de la modelo brasile\u00f1a Emmily Rodrigues, quien cay\u00f3 de un sexto piso de un edificio en el barrio porte\u00f1o de Retiro, y asegur\u00f3 que el empresario agropecuario Francisco S\u00e1enz Valiente &#8220;estaba en b\u00f3xer y en cuero&#8221; al salir de su departamento tras la tragedia.<\/p>\n\n\n\n<p>El testimonio fue brindado por un alba\u00f1il que trabajaba en el mismo edificio en el que se produjo la escena el 30 de marzo pasado.<\/p>\n\n\n\n<p>El hombre, de nacionalidad paraguaya, se encontraba en el domicilio de la calle Libertad 1542 durante esa madrugada brind\u00f3 su testimonio ante el fiscal Santiago Vismara, a cargo de la Fiscal\u00eda Nacional en lo Criminal y Correccional N\u00ba 10.<\/p>\n\n\n\n<p>Entonces, asegur\u00f3 que vio a S\u00e1enz Valiente salir del edificio justo cuando \u00e9l lleg\u00f3 para continuar con una obra que estaba llevando a cabo en un departamento del segundo piso.<\/p>\n\n\n\n<p>Seg\u00fan su relato, el alba\u00f1il estaba con su hijo y tres obreros hasta que escuch\u00f3 un &#8220;ruido&#8221;, sali\u00f3 al balc\u00f3n y vio a una vecina en la calle que lo estaba alertando de lo que suced\u00eda.<\/p>\n\n\n\n<p>&#8220;Gritaba que una mujer estaba pidiendo ayuda. Al toque ingresamos al departamento y fuimos por las escaleras hacia arriba&#8221;, dijo el hombre, quien sum\u00f3 que escuch\u00f3 un sonido como el de un golpe de puerta.<\/p>\n\n\n\n<p>&#8220;Fue un golpe en seco. Cuando nosotros sub\u00edamos, se escuchaban gritos de una mujer. Lo que s\u00ed, no se entend\u00eda si eran gritos de auxilio o de pelea&#8221;, sigui\u00f3.<\/p>\n\n\n\n<p>Despu\u00e9s de esto, fueron hacia el s\u00e9ptimo piso, golpearon una puerta de un departamento, pero no abrieron.<\/p>\n\n\n\n<p>&#8220;Mientras yo estaba en la escalera entre el s\u00e9ptimo y el sexto piso, vi que este Francisco sali\u00f3 del sexto piso por la puerta principal. \u00c9l estaba en b\u00f3xer, intent\u00f3 ponerse el pantal\u00f3n, lo ten\u00eda en la mano. As\u00ed como estaba, sin ponerse el pantal\u00f3n, volvi\u00f3 a entrar a su casa&#8221;, remarc\u00f3 el testigo y a\u00f1adi\u00f3 que el empresario estaba &#8220;en cueros&#8221;.<\/p>\n\n\n\n<p>Posteriormente, regresaron al departamento del segundo piso, se asomaron al pulm\u00f3n y vieron que Emmily estaba &#8220;boca abajo totalmente desnuda&#8221; y agreg\u00f3: &#8220;La chica hac\u00eda como un ruido, como que estaba viva todav\u00eda&#8221;.<\/p>\n","protected":false},"excerpt":{"rendered":"<p>Un testigo aport\u00f3 m\u00e1s informaci\u00f3n para la causa en la que se investiga la muerte de la modelo brasile\u00f1a Emmily Rodrigues, quien cay\u00f3 de un sexto piso de un edificio&hellip; <\/p>\n","protected":false},"author":4,"featured_media":61771,"comment_status":"closed","ping_status":"open","sticky":false,"template":"","format":"standard","meta":{"footnotes":""},"categories":[33],"tags":[],"class_list":["post-61768","post","type-post","status-publish","format-standard","has-post-thumbnail","hentry","category-policiales"],"_links":{"self":[{"href":"https:\/\/corrientesdetarde.com\/index.php\/wp-json\/wp\/v2\/posts\/61768","targetHints":{"allow":["GET"]}}],"collection":[{"href":"https:\/\/corrientesdetarde.com\/index.php\/wp-json\/wp\/v2\/posts"}],"about":[{"href":"https:\/\/corrientesdetarde.com\/index.php\/wp-json\/wp\/v2\/types\/post"}],"author":[{"embeddable":true,"href":"https:\/\/corrientesdetarde.com\/index.php\/wp-json\/wp\/v2\/users\/4"}],"replies":[{"embeddable":true,"href":"https:\/\/corrientesdetarde.com\/index.php\/wp-json\/wp\/v2\/comments?post=61768"}],"version-history":[{"count":1,"href":"https:\/\/corrientesdetarde.com\/index.php\/wp-json\/wp\/v2\/posts\/61768\/revisions"}],"predecessor-version":[{"id":61772,"href":"https:\/\/corrientesdetarde.com\/index.php\/wp-json\/wp\/v2\/posts\/61768\/revisions\/61772"}],"wp:featuredmedia":[{"embeddable":true,"href":"https:\/\/corrientesdetarde.com\/index.php\/wp-json\/wp\/v2\/media\/61771"}],"wp:attachment":[{"href":"https:\/\/corrientesdetarde.com\/index.php\/wp-json\/wp\/v2\/media?parent=61768"}],"wp:term":[{"taxonomy":"category","embeddable":true,"href":"https:\/\/corrientesdetarde.com\/index.php\/wp-json\/wp\/v2\/categories?post=61768"},{"taxonomy":"post_tag","embeddable":true,"href":"https:\/\/corrientesdetarde.com\/index.php\/wp-json\/wp\/v2\/tags?post=61768"}],"curies":[{"name":"wp","href":"https:\/\/api.w.org\/{rel}","templated":true}]}}