{"id":61902,"date":"2023-05-19T17:40:08","date_gmt":"2023-05-19T20:40:08","guid":{"rendered":"https:\/\/corrientesdetarde.com\/?p=61902"},"modified":"2023-05-19T17:40:30","modified_gmt":"2023-05-19T20:40:30","slug":"sergio-massa-rechazo-la-dolarizacion-de-javier-milei-es-un-dolar-a-1-900-pesos","status":"publish","type":"post","link":"https:\/\/corrientesdetarde.com\/index.php\/nacionales\/sergio-massa-rechazo-la-dolarizacion-de-javier-milei-es-un-dolar-a-1-900-pesos\/","title":{"rendered":"Sergio Massa rechaz\u00f3 la dolarizaci\u00f3n de Javier Milei: &#8220;Es un d\u00f3lar a 1.900 pesos&#8221;"},"content":{"rendered":"\n<p>El ministro de Econom\u00eda Sergio Massa cuestion\u00f3 a que clase de mercado pueden aspirar los empresarios con sueldos de 100 d\u00f3lares y un d\u00f3lar a 1.900 pesos.<\/p>\n\n\n\n<p>El ministro de Econom\u00eda de la Naci\u00f3n,&nbsp;<strong>Sergio Massa<\/strong>, rechaz\u00f3 vehementemente este viernes la propuesta de dolarizaci\u00f3n planteada desde sectores de la oposici\u00f3n, entre ellos el diputado de ultraderecha&nbsp;<strong>Javier Milei,&nbsp;<\/strong>al sostener que&nbsp;apunta a &#8220;salarios de 100 d\u00f3lares y un d\u00f3lar a 1.900 pesos&#8221;, y advirti\u00f3 que,&nbsp;&#8220;lo que entra en debate cada vez que hay un proceso electoral es una econom\u00eda para el desarrollo versus una econom\u00eda para la especulaci\u00f3n&#8221;.<\/p>\n\n\n\n<p>As\u00ed lo se\u00f1al\u00f3 el titular del Palacio de Hacienda al exponer ante el Consejo Productivo que se realiz\u00f3 en el marco de la Expo BNA Conecta, en el que anunci\u00f3 la ampliaci\u00f3n de la l\u00ednea CreAR Inversi\u00f3n Pyme en 30.000 millones de pesos, que se suman a la ampliaci\u00f3n de 50 mil millones de pesos anunciada el mi\u00e9rcoles pasado, mediante dos l\u00edneas que se agotaron en una hora y en siete minutos, respectivamente.<\/p>\n\n\n\n<p>La Secretar\u00eda de Industria y Desarrollo Productivo ampli\u00f3 esta semana la l\u00ednea CreAr Inversi\u00f3n PyME con el Banco Naci\u00f3n en 80 mil millones de pesos, con una l\u00ednea cuenta con una inversi\u00f3n del Estado nacional en la bonificaci\u00f3n de 27 puntos porcentuales de tasas, para que las empresas accedan a financiamiento con tasas competitivas, del 49%, con un plazo de 5 a\u00f1os.<\/p>\n\n\n\n<p>\u201cAc\u00e1 hay&nbsp;una decisi\u00f3n que es la de promover el nivel de inversi\u00f3n para sostener y aumentar el volumen de producci\u00f3n de bienes y el volumen de exportaciones. No es regalar cr\u00e9ditos como dicen algunos,&nbsp;sino apostar a que aquellos que todos los d\u00edas se levantan, invierten, producen, generan empleo, valor y adem\u00e1s divisas para la Argentina, tengan herramientas de promoci\u00f3n porque para el Estado es importante aumentar, multiplicar la producci\u00f3n de bienes y las exportaciones\u201d, afirm\u00f3 Massa.<\/p>\n\n\n\n<p>En este sentido, el ministro destac\u00f3 que&nbsp;el Gobierno subi\u00f3 la tasa &#8220;para los que especulan, pero la baja para los que producen&#8221;.<\/p>\n\n\n\n<p>&#8220;Es una elecci\u00f3n respecto de un modelo de pa\u00eds en el que hay un debate y una tensi\u00f3n permanente entre la econom\u00eda asociada a la generaci\u00f3n de valor, al desarrollo industrial, a la generaci\u00f3n de empleo, versus la econom\u00eda asociada a la especulaci\u00f3n y tambi\u00e9n a la generaci\u00f3n de valor ficticia sobre la base de la b\u00fasqueda de rentabilidad en instrumentos financieros\u201d, resalt\u00f3.<\/p>\n\n\n\n<p>El ministro tuvo palabras de elogio para&nbsp;<strong>Silvina Batakis<\/strong>, presidenta del Banco Naci\u00f3n, que estaba sentada a su lado, al se\u00f1alar que &#8220;es de las que pone el cuerpo en los momentos dif\u00edciles y lo demostr\u00f3 en un momento muy complejo&#8221;, en referencia al inicio de julio de 2022 cuando asumi\u00f3 la cartera econ\u00f3mica, luego de la renuncia de&nbsp;<strong>Mart\u00edn Guzm\u00e1n.<\/strong><\/p>\n\n\n\n<p>Por tal raz\u00f3n, luego de recordar que la vicepresidenta&nbsp;<strong>Cristina Kirchner<\/strong>&nbsp;dijera que hab\u00eda sido \u00e9l quien tuvo que &#8220;agarrar una papa caliente&#8221;,&nbsp;Massa valor\u00f3 que fue Batakis &#8220;la primera que se tir\u00f3 arriba de la bomba&#8221;.<\/p>\n\n\n\n<p>Asimismo, destac\u00f3 la importancia del Banco Naci\u00f3n por su presencia en todo el pa\u00eds y la &#8220;capilaridad&#8221; que le dan sus 730 sucursales para el otorgamiento de asistencia a los sectores productivos, en particular cuando las exportaciones est\u00e1n afectadas por &#8220;la peor sequ\u00eda de la historia&#8221;.<\/p>\n\n\n\n<p>Massa identific\u00f3 a la inversi\u00f3n, las exportaciones y el consumo como &#8220;las tres turbinas centrales&#8221; de la econom\u00eda, y que con la sequ\u00eda la de las exportaciones qued\u00f3 &#8220;averiada&#8221;.<\/p>\n\n\n\n<p>&#8220;Eso nos obliga a aumentar los vol\u00famenes de inversi\u00f3n y consumo para tratar de compensar&nbsp;el da\u00f1o a la turbina de las exportaciones, sobre todo en el sector agroindustrial&#8221;, plante\u00f3.<\/p>\n\n\n\n<p>En ese sentido, indic\u00f3 que&nbsp;&#8220;en definitiva, lo que entra en debate cada vez que hay un proceso electoral es una econom\u00eda para el desarrollo versus una econom\u00eda para la especulaci\u00f3n&#8221; y seguidamente le pregunt\u00f3 a los empresarios &#8220;cu\u00e1nto mercado van a poder sostener con salarios de 100 d\u00f3lares y d\u00f3lares a 1.900 pesos para su producci\u00f3n&#8221;.<\/p>\n\n\n\n<p>&#8220;Esa es la dolarizaci\u00f3n&#8221;, enfatiz\u00f3, diferenci\u00e1ndose de la propuesta de Milei, adem\u00e1s de advertir que se preste atenci\u00f3n a &#8220;lo que se pone en juego en la Argentina en estos momentos&#8221;.<\/p>\n\n\n\n<p>El jefe del Palacio de Hacienda finalmente sostuvo: &#8220;Los que creemos en el trabajo, el desarrollo, el capital humano, el valor agregado, tenemos que defender la capacidad de producci\u00f3n usando tambi\u00e9n la competitividad cambiaria&#8221;.<\/p>\n\n\n\n<p>&#8220;Algunos pueden conseguir y buscar esa paz de los cementerios, pero no queremos industrias muertas en la Argentina, vamos a aumentar la cantidad de cr\u00e9ditos a tasa subsidiada y si no alcanza, la vamos a seguir aumentando&#8221;, expres\u00f3.<\/p>\n","protected":false},"excerpt":{"rendered":"<p>El ministro de Econom\u00eda Sergio Massa cuestion\u00f3 a que clase de mercado pueden aspirar los empresarios con sueldos de 100 d\u00f3lares y un d\u00f3lar a 1.900 pesos. El ministro de&hellip; <\/p>\n","protected":false},"author":8,"featured_media":61903,"comment_status":"closed","ping_status":"open","sticky":false,"template":"","format":"standard","meta":{"footnotes":""},"categories":[10],"tags":[],"class_list":["post-61902","post","type-post","status-publish","format-standard","has-post-thumbnail","hentry","category-nacionales"],"_links":{"self":[{"href":"https:\/\/corrientesdetarde.com\/index.php\/wp-json\/wp\/v2\/posts\/61902","targetHints":{"allow":["GET"]}}],"collection":[{"href":"https:\/\/corrientesdetarde.com\/index.php\/wp-json\/wp\/v2\/posts"}],"about":[{"href":"https:\/\/corrientesdetarde.com\/index.php\/wp-json\/wp\/v2\/types\/post"}],"author":[{"embeddable":true,"href":"https:\/\/corrientesdetarde.com\/index.php\/wp-json\/wp\/v2\/users\/8"}],"replies":[{"embeddable":true,"href":"https:\/\/corrientesdetarde.com\/index.php\/wp-json\/wp\/v2\/comments?post=61902"}],"version-history":[{"count":1,"href":"https:\/\/corrientesdetarde.com\/index.php\/wp-json\/wp\/v2\/posts\/61902\/revisions"}],"predecessor-version":[{"id":61904,"href":"https:\/\/corrientesdetarde.com\/index.php\/wp-json\/wp\/v2\/posts\/61902\/revisions\/61904"}],"wp:featuredmedia":[{"embeddable":true,"href":"https:\/\/corrientesdetarde.com\/index.php\/wp-json\/wp\/v2\/media\/61903"}],"wp:attachment":[{"href":"https:\/\/corrientesdetarde.com\/index.php\/wp-json\/wp\/v2\/media?parent=61902"}],"wp:term":[{"taxonomy":"category","embeddable":true,"href":"https:\/\/corrientesdetarde.com\/index.php\/wp-json\/wp\/v2\/categories?post=61902"},{"taxonomy":"post_tag","embeddable":true,"href":"https:\/\/corrientesdetarde.com\/index.php\/wp-json\/wp\/v2\/tags?post=61902"}],"curies":[{"name":"wp","href":"https:\/\/api.w.org\/{rel}","templated":true}]}}