{"id":61917,"date":"2023-05-19T19:57:05","date_gmt":"2023-05-19T22:57:05","guid":{"rendered":"https:\/\/corrientesdetarde.com\/?p=61917"},"modified":"2023-05-19T19:57:27","modified_gmt":"2023-05-19T22:57:27","slug":"valeria-mazza-desfilo-con-anabel-sanchez-la-joven-argentina-famosa-por-su-casting","status":"publish","type":"post","link":"https:\/\/corrientesdetarde.com\/index.php\/espectaculos\/valeria-mazza-desfilo-con-anabel-sanchez-la-joven-argentina-famosa-por-su-casting\/","title":{"rendered":"Valeria Mazza desfil\u00f3 con Anabel S\u00e1nchez, la joven argentina famosa por su casting"},"content":{"rendered":"\n<p>Anabel S\u00e1nchez tiene 18 a\u00f1os y naci\u00f3 en San Francisco Solano (Quilmes) en una familia que pasa muchas necesidades econ\u00f3micas. Pero ella tiene un sue\u00f1o y va a fondo para lograrlo. Por eso decidi\u00f3 grabar un video y presentarse a un casting para la revista Vogue. Si consigue ser una modelo internacional, podr\u00e1 comprar una casa para su familia.<\/p>\n\n\n\n<p>R\u00e1pidamente, su video se hizo viral y varios famosos pusieron el ojo en ella. Desde Marcelo Tinelli que la consider\u00f3 para el Bailando por un Sue\u00f1o; Barby Franco, que le hizo acordar a sus or\u00edgenes humildes; Mar\u00eda Becerra, que la elogi\u00f3 en redes sociales y Valeria Mazza, que decidi\u00f3 darle su apoyo para que pueda lograr su objetivo.<\/p>\n\n\n\n<p>&#8220;Hola, Vogue. Soy Anabel S\u00e1nchez, tengo 18 a\u00f1os y soy de Buenos Aires. Soy modelo independiente, pero estoy muy emocionada de formar parte de #OpenCastingVogue. Estas son mis fotos y este es mi desfile&#8221;, dice la joven en su video casero que en cuatro d\u00edas logr\u00f3 m\u00e1s de 317 mil likes en TikTok.<\/p>\n\n\n\n<p>Este martes, nada m\u00e1s y nada menos que la modelo m\u00e1s destacada del pa\u00eds, Valeria Mazza, decidi\u00f3 darle su apoyo a Anabel S\u00e1nchez. &#8220;Acompa\u00f1ando a Anabel S\u00e1nchez en su sue\u00f1o. La suerte es cuando la preparaci\u00f3n se junta con la oportunidad. Una diosa. Estamos felices de estar juntas&#8221;, dijo la top model.<\/p>\n\n\n\n<p>Por su parte, Anabel no pod\u00eda creer lo que estaba viviendo: &#8220;No paro de ver el video y no proceso el hecho de que s\u00ed pas\u00f3, que es real. Lo feliz (que estoy) por esta hermosa oportunidad. Top de top eres y no tengo palabras para expresar mi agradecimiento&#8221;.<\/p>\n\n\n\n<figure class=\"wp-block-embed is-type-video is-provider-tiktok wp-block-embed-tiktok\"><div class=\"wp-block-embed__wrapper\">\n<blockquote class=\"tiktok-embed\" cite=\"https:\/\/www.tiktok.com\/@valemazzaok\/video\/7233836964141681926\" data-video-id=\"7233836964141681926\" data-embed-from=\"oembed\" style=\"max-width: 605px;min-width: 325px;\" > <section> <a target=\"_blank\" title=\"@valemazzaok\" href=\"https:\/\/www.tiktok.com\/@valemazzaok?refer=embed\">@valemazzaok<\/a> <p>@anabelsancchez con ella!!! Practicando y apoyando para el <a title=\"vogueopencasting\" target=\"_blank\" href=\"https:\/\/www.tiktok.com\/tag\/vogueopencasting?refer=embed\">#vogueopencasting<\/a> \u2764\ufe0f\ud83c\udde6\ud83c\uddf7 <\/p> <a target=\"_blank\" title=\"\u266c Naughty Girl - Beyonc\u00e9\" href=\"https:\/\/www.tiktok.com\/music\/Naughty-Girl-7128257885397583874?refer=embed\">\u266c Naughty Girl &#8211; Beyonc\u00e9<\/a> <\/section> <\/blockquote> <script async src=\"https:\/\/www.tiktok.com\/embed.js\"><\/script>\n<\/div><\/figure>\n","protected":false},"excerpt":{"rendered":"<p>Anabel S\u00e1nchez tiene 18 a\u00f1os y naci\u00f3 en San Francisco Solano (Quilmes) en una familia que pasa muchas necesidades econ\u00f3micas. Pero ella tiene un sue\u00f1o y va a fondo para&hellip; <\/p>\n","protected":false},"author":1,"featured_media":61918,"comment_status":"closed","ping_status":"open","sticky":false,"template":"","format":"standard","meta":{"footnotes":""},"categories":[19],"tags":[],"class_list":["post-61917","post","type-post","status-publish","format-standard","has-post-thumbnail","hentry","category-espectaculos"],"_links":{"self":[{"href":"https:\/\/corrientesdetarde.com\/index.php\/wp-json\/wp\/v2\/posts\/61917","targetHints":{"allow":["GET"]}}],"collection":[{"href":"https:\/\/corrientesdetarde.com\/index.php\/wp-json\/wp\/v2\/posts"}],"about":[{"href":"https:\/\/corrientesdetarde.com\/index.php\/wp-json\/wp\/v2\/types\/post"}],"author":[{"embeddable":true,"href":"https:\/\/corrientesdetarde.com\/index.php\/wp-json\/wp\/v2\/users\/1"}],"replies":[{"embeddable":true,"href":"https:\/\/corrientesdetarde.com\/index.php\/wp-json\/wp\/v2\/comments?post=61917"}],"version-history":[{"count":1,"href":"https:\/\/corrientesdetarde.com\/index.php\/wp-json\/wp\/v2\/posts\/61917\/revisions"}],"predecessor-version":[{"id":61919,"href":"https:\/\/corrientesdetarde.com\/index.php\/wp-json\/wp\/v2\/posts\/61917\/revisions\/61919"}],"wp:featuredmedia":[{"embeddable":true,"href":"https:\/\/corrientesdetarde.com\/index.php\/wp-json\/wp\/v2\/media\/61918"}],"wp:attachment":[{"href":"https:\/\/corrientesdetarde.com\/index.php\/wp-json\/wp\/v2\/media?parent=61917"}],"wp:term":[{"taxonomy":"category","embeddable":true,"href":"https:\/\/corrientesdetarde.com\/index.php\/wp-json\/wp\/v2\/categories?post=61917"},{"taxonomy":"post_tag","embeddable":true,"href":"https:\/\/corrientesdetarde.com\/index.php\/wp-json\/wp\/v2\/tags?post=61917"}],"curies":[{"name":"wp","href":"https:\/\/api.w.org\/{rel}","templated":true}]}}