{"id":61933,"date":"2023-05-20T08:35:05","date_gmt":"2023-05-20T11:35:05","guid":{"rendered":"https:\/\/corrientesdetarde.com\/?p=61933"},"modified":"2023-05-20T08:35:11","modified_gmt":"2023-05-20T11:35:11","slug":"el-intercambio-de-pet-por-credito-para-la-sube-llega-a-los-colegios","status":"publish","type":"post","link":"https:\/\/corrientesdetarde.com\/index.php\/informacion-general\/el-intercambio-de-pet-por-credito-para-la-sube-llega-a-los-colegios\/","title":{"rendered":"El intercambio de PET por cr\u00e9dito para la SUBE llega a los colegios"},"content":{"rendered":"\n<p>El dispositivo de la Comuna capitalina estuvo esta semana en el colegio General San Mart\u00edn, por la ma\u00f1ana, y en la escuela Manuel Belgrano, por la tarde. Adem\u00e1s, se realizaron charlas para promover el ambiente e impulsar la econom\u00eda circular.<\/p>\n\n\n\n<p>La Municipalidad de Corrientes contin\u00faa promoviendo una Ciudad Sustentable para el pleno desarrollo de los vecinos, sin descuidar la protecci\u00f3n ambiental, el desarrollo social y el crecimiento econ\u00f3mico. Una de las herramientas utilizadas es la m\u00e1quina de Eco-trueque, que permite intercambiar botellas PET por cr\u00e9dito para la tarjeta SUBE.<\/p>\n\n\n\n<p>Esta semana inici\u00f3 el recorrido anual por instituciones educativas de la ciudad que manifestaron su inter\u00e9s en contar con la presencia del dispositivo, siendo el primer lugar el edificio hist\u00f3rico que alberga al colegio General San Mart\u00edn y la escuela secundaria Manuel Belgrano.<\/p>\n\n\n\n<p>Hugo Calvano, secretario de Coordinaci\u00f3n de Gobierno municipal, asever\u00f3 que &#8220;una de las pol\u00edticas de la gesti\u00f3n del doctor Tassano es promover el cuidado de los recursos naturales y la conciencia ambiental. Dentro de esta estrategia, uno de los programas que tenemos es el Eco-trueque por SUBE a trav\u00e9s del cual los vecinos pueden canjear botellas PET ingres\u00e1ndolas al dispositivo para canjearlas por cr\u00e9dito para la tarjeta del transporte urbano&#8221;.<\/p>\n\n\n\n<p>Al respecto, record\u00f3 que &#8220;en agosto de 2021 se instal\u00f3 un punto fijo en la plaza Vera, que contin\u00faa all\u00ed, con la presencia de promotores ambientales que explican a los vecinos c\u00f3mo es la modalidad para acceder a este beneficio, y durante el a\u00f1o pasado comenzamos a visitar establecimientos escolares llevando el dispositivo, acompa\u00f1ado de charlas de educaci\u00f3n ambiental a los colegios&#8221;.<\/p>\n\n\n\n<p>&#8220;Durante el 2022 recorrimos diez colegios, con m\u00e1s de 3.000 estudiantes que tuvieron charlas de educaci\u00f3n ambiental, de reutilizaci\u00f3n de recursos, de tratamientos de residuos que antes se tiraban y ahora se pueden reutilizar o generarle un valor, y obviamente acercando tambi\u00e9n este dispositivo que es muy utilizado por los j\u00f3venes&#8221;, continu\u00f3.<\/p>\n\n\n\n<p>En tal sentido, el funcionario manifest\u00f3 que &#8220;\u00e9ste a\u00f1o tenemos pensado visitar 15 establecimientos escolares entre mayo y noviembre, sumado a los sectores a los que acercamos este dispositivo y esta pol\u00edtica de reciclado que son los operativos de La Muni en tu Barrio, adem\u00e1s del punto fijo de plaza Vera&#8221;.<\/p>\n\n\n\n<p>El funcionario manifest\u00f3: &#8220;El objetivo fundamental de estos recorridos es generar concientizaci\u00f3n ambiental. Lo hacemos desde los Centros de Desarrollo Infantil hasta los colegios secundarios, buscando que lo que se consume y antes se tiraba se pueda reutilizar, ya sea por cr\u00e9dito, para canjearlo por alguno de los otros beneficios del Eco-trueque, o bien depositarlo en los puntos verdes para que una cooperativa los reutilice, recomendando evitar los pl\u00e1sticos de un solo uso que contaminan el ambiente&#8221;.<\/p>\n\n\n\n<p>En cuanto a la respuesta que tienen estos programas por parte de la comunidad, Calvano indic\u00f3 que &#8220;hemos tenido muy buena recepci\u00f3n, se han cambiado ciento de miles de botellas que han acercado los beneficiarios del Eco-trueque por SUBE, y tambi\u00e9n hemos encontrado gran respuesta en cada actividad que hicimos, ya sea de concientizaci\u00f3n como todas las que la Municipalidad promueve permanentemente dentro de su pol\u00edtica ambiental&#8221;.<\/p>\n\n\n\n<p>El funcionario resalt\u00f3 que dentro de este universo, &#8220;los verdaderos protagonistas son los j\u00f3venes, qui\u00e9nes est\u00e1n generando este cambio y son los que nos demandan cada vez m\u00e1s conciencia ambiental a los dirigentes, a los funcionarios, y eso nos empuja a seguir tomando medidas&#8221;.<\/p>\n\n\n\n<p>El secretario de Coordinaci\u00f3n de Gobierno municipal remarc\u00f3 que &#8220;antes de la gesti\u00f3n del doctor Tassano en la ciudad no se separaba los residuos y hoy ya son nueve los barrios que tienen recolecci\u00f3n diferenciada en domicilio, sumado a los Puntos Verdes y todas estas estrategias, como la de Eco-trueque por SUBE, que lo que buscan es generar un c\u00edrculo virtuoso, de econom\u00eda circular, para reutilizar los recursos y generar tambi\u00e9n movimiento econ\u00f3mico&#8221;.<\/p>\n\n\n\n<p>&#8220;Hay que mencionar que adem\u00e1s de la m\u00e1quina de Eco-trueque que visita las instituciones escolares, la Municipalidad cuenta con el punto fijo de plaza Cabral, que funciona por pasaje Agust\u00edn Gonz\u00e1lez, de lunes a viernes de 8 a 12 y de 16 a 20, y tambi\u00e9n est\u00e1 presente en los operativos de La Muni en tu Barrio que se realizan los mi\u00e9rcoles y viernes, de 8 a 12, en diferentes sectores de la ciudad&#8221;, puntualiz\u00f3, por \u00faltimo, Calvano.<\/p>\n\n\n\n<p>Cabe mencionar que el valor por cada botella PET es de $4, pudi\u00e9ndose ingresar hasta 50 unidades y as\u00ed obtener $200 de carga por d\u00eda en la tarjeta SUBE.<\/p>\n\n\n\n<h2 class=\"wp-block-heading\">Reprograman jornada de recolecci\u00f3n<\/h2>\n\n\n\n<p>Debido a las altas probabilidades de lluvias, se suspende la jornada de Recolecci\u00f3n de Residuos de Aparatos El\u00e9ctricos y Electr\u00f3nicos (RAEE) previstas para hoy. La actividad ser\u00e1 reprogramada para el viernes 26 de mayo, en el mismo horario y lugar.<\/p>\n\n\n\n<p>La Coalici\u00f3n C\u00edvica ARI Corrientes es la organizadora de la jornada y a trav\u00e9s de su voluntariado ambiental &#8220;Corriente Verde&#8221; invita a los vecinos de la ciudad a participar de la actividad el pr\u00f3ximo viernes, en la que se recolectar\u00e1n: peque\u00f1os electrodom\u00e9sticos como planchas, pavas el\u00e9ctricas, batidoras, tostadoras, entre otros; equipos de inform\u00e1ticas y telecomunicaciones: celulares, tel\u00e9fonos, teclados, parlantes y otros.; aparatos electr\u00f3nicos de consumo: CPU, notebooks, netbooks, all in one, radios, caseteras, entre otros; aparatos de alumbrado: portal\u00e1mparas, veladores y otros, focos enteros que no sean de vidrio; herramientas el\u00e9ctricas y otros.<\/p>\n\n\n\n<p>A fines organizativos, se solicita que, quienes quisieran participar del evento acercando sus residuos el\u00e9ctricos o electr\u00f3nicos, realicen una preinscripci\u00f3n a trav\u00e9s de la p\u00e1gina www.cuquicalvano.com\/residuoselectronicos. El horario de la actividad de recolecci\u00f3n ser\u00e1 de 10 a 12 en la explanada del puente, avenida Costanera y 3 de Abril.<\/p>\n","protected":false},"excerpt":{"rendered":"<p>El dispositivo de la Comuna capitalina estuvo esta semana en el colegio General San Mart\u00edn, por la ma\u00f1ana, y en la escuela Manuel Belgrano, por la tarde. Adem\u00e1s, se realizaron&hellip; <\/p>\n","protected":false},"author":3,"featured_media":61934,"comment_status":"closed","ping_status":"open","sticky":false,"template":"","format":"standard","meta":{"footnotes":""},"categories":[1],"tags":[],"class_list":["post-61933","post","type-post","status-publish","format-standard","has-post-thumbnail","hentry","category-informacion-general"],"_links":{"self":[{"href":"https:\/\/corrientesdetarde.com\/index.php\/wp-json\/wp\/v2\/posts\/61933","targetHints":{"allow":["GET"]}}],"collection":[{"href":"https:\/\/corrientesdetarde.com\/index.php\/wp-json\/wp\/v2\/posts"}],"about":[{"href":"https:\/\/corrientesdetarde.com\/index.php\/wp-json\/wp\/v2\/types\/post"}],"author":[{"embeddable":true,"href":"https:\/\/corrientesdetarde.com\/index.php\/wp-json\/wp\/v2\/users\/3"}],"replies":[{"embeddable":true,"href":"https:\/\/corrientesdetarde.com\/index.php\/wp-json\/wp\/v2\/comments?post=61933"}],"version-history":[{"count":1,"href":"https:\/\/corrientesdetarde.com\/index.php\/wp-json\/wp\/v2\/posts\/61933\/revisions"}],"predecessor-version":[{"id":61935,"href":"https:\/\/corrientesdetarde.com\/index.php\/wp-json\/wp\/v2\/posts\/61933\/revisions\/61935"}],"wp:featuredmedia":[{"embeddable":true,"href":"https:\/\/corrientesdetarde.com\/index.php\/wp-json\/wp\/v2\/media\/61934"}],"wp:attachment":[{"href":"https:\/\/corrientesdetarde.com\/index.php\/wp-json\/wp\/v2\/media?parent=61933"}],"wp:term":[{"taxonomy":"category","embeddable":true,"href":"https:\/\/corrientesdetarde.com\/index.php\/wp-json\/wp\/v2\/categories?post=61933"},{"taxonomy":"post_tag","embeddable":true,"href":"https:\/\/corrientesdetarde.com\/index.php\/wp-json\/wp\/v2\/tags?post=61933"}],"curies":[{"name":"wp","href":"https:\/\/api.w.org\/{rel}","templated":true}]}}