{"id":61939,"date":"2023-05-20T08:37:32","date_gmt":"2023-05-20T11:37:32","guid":{"rendered":"https:\/\/corrientesdetarde.com\/?p=61939"},"modified":"2023-05-20T08:37:33","modified_gmt":"2023-05-20T11:37:33","slug":"murio-a-causa-de-inhalacion-de-humo-tras-incendiarse-su-casa","status":"publish","type":"post","link":"https:\/\/corrientesdetarde.com\/index.php\/policiales\/murio-a-causa-de-inhalacion-de-humo-tras-incendiarse-su-casa\/","title":{"rendered":"Muri\u00f3 a causa de inhalaci\u00f3n de humo tras incendiarse su casa"},"content":{"rendered":"\n<p>Ten\u00eda 43 a\u00f1os y en el momento del siniestro estaba solo en su vivienda. Ocurri\u00f3 en horas de la madrugada.<\/p>\n\n\n\n<p>Un hombre de 43 a\u00f1os muri\u00f3 a causa de inhalaci\u00f3n de mon\u00f3xido de carbono producto de un incendio declarado en la vivienda en que habitaba en el paraje Lomas Sur de la localidad de Bella Vista. Por otra parte, en Curuz\u00fa Cuati\u00e1 quemaron intencionalmente un veh\u00edculo estacionado en la v\u00eda p\u00fablica por lo que investigan al autor del hecho.<\/p>\n\n\n\n<p>La fatalidad se registr\u00f3 en horas de la madrugada cuando personal de Bomberos Voluntarios de Bella Vista fue alertado por efectivos policiales de la Comisar\u00eda Segunda tras recibir la informaci\u00f3n del incendio de un inmueble, ubicado en Primera Secci\u00f3n Lomas Sur.<\/p>\n\n\n\n<p>As\u00ed llegaron los agentes hasta el lugar donde encontraron el fuego declarado (foto).<\/p>\n\n\n\n<p>Fueron horas que debieron combatir las llamas que afectaron la totalidad de la casa.<\/p>\n\n\n\n<p>En uno de los sectores de la vivienda en el cual el fuego hizo pocos destrozos estaba el cuerpo de un hombre, quien resid\u00eda el lugar, desvanecido, con pocos signos de vida.<\/p>\n\n\n\n<p>Ante esta situaci\u00f3n, el hombre fue trasladado en ambulancia hasta el hospital local &#8220;El Salvador&#8221; donde a pesar de la atenci\u00f3n m\u00e9dica recibida pereci\u00f3 a causa, en principio, de la inhalaci\u00f3n de humo.<\/p>\n\n\n\n<p>Dieron intervenci\u00f3n al fiscal en turno y luego de las diligencias pertinentes, el cuerpo fue entregado a sus familiares para las exequias correspondientes.<\/p>\n\n\n\n<p>No se descarta indagar a los vecinos de la zona a fin de saber qui\u00e9n pudo ocasionar el fuego; mientras se espera el peritaje respectivo para conocer si hubo una falla el\u00e9ctrica en la casa, lo que pudo llevar al siniestro fatal. En la comisar\u00eda Segunda realizan los tr\u00e1mites del caso.<\/p>\n\n\n\n<h2 class=\"wp-block-heading\">Quema intencional<\/h2>\n\n\n\n<p>En la localidad de Curuz\u00fa Cuati\u00e1 se produjo un incendio en un veh\u00edculo estacionado en la v\u00eda p\u00fablica. Seg\u00fan datos aportados por el sereno de la zona habr\u00eda sido intencional, ya que asegur\u00f3 a los efectivos policiales que observ\u00f3 a dos muchachos en el lugar antes del siniestro.<\/p>\n\n\n\n<p>Al portal de noticias Enfoque Digital la Polic\u00eda inform\u00f3 que el fuego ocurri\u00f3 en horas de la madrugada, cerca de las 3 en el barrio 246 Viviendas, siendo damnificada una camioneta Chevrolet.<\/p>\n\n\n\n<p>&#8220;Intentan establecer las causales del inicio del foco \u00edgneo pero no descartan que haya sido intencional por el testimonio del sereno&#8221;, indicaron.<\/p>\n\n\n\n<p>Las llamas afectaron el lateral izquierdo del rodado, a la altura de la puerta del conductor y una parte del frente.<\/p>\n\n\n\n<p>Las actuaciones del caso se realizaron en la comisar\u00eda Segunda de Curuz\u00fa Cuati\u00e1.<\/p>\n\n\n\n<p>El propietario asegur\u00f3 que pedir\u00e1 se analicen c\u00e1maras de la zona a fin de saber qui\u00e9n fue el autor del siniestro.<\/p>\n\n\n\n<p>Indic\u00f3 adem\u00e1s que no presenta dificultad con ning\u00fan vecino por lo que el hecho lo tiene &#8220;desconcertado&#8221;.<\/p>\n","protected":false},"excerpt":{"rendered":"<p>Ten\u00eda 43 a\u00f1os y en el momento del siniestro estaba solo en su vivienda. Ocurri\u00f3 en horas de la madrugada. Un hombre de 43 a\u00f1os muri\u00f3 a causa de inhalaci\u00f3n&hellip; <\/p>\n","protected":false},"author":3,"featured_media":61940,"comment_status":"closed","ping_status":"open","sticky":false,"template":"","format":"standard","meta":{"footnotes":""},"categories":[33],"tags":[],"class_list":["post-61939","post","type-post","status-publish","format-standard","has-post-thumbnail","hentry","category-policiales"],"_links":{"self":[{"href":"https:\/\/corrientesdetarde.com\/index.php\/wp-json\/wp\/v2\/posts\/61939","targetHints":{"allow":["GET"]}}],"collection":[{"href":"https:\/\/corrientesdetarde.com\/index.php\/wp-json\/wp\/v2\/posts"}],"about":[{"href":"https:\/\/corrientesdetarde.com\/index.php\/wp-json\/wp\/v2\/types\/post"}],"author":[{"embeddable":true,"href":"https:\/\/corrientesdetarde.com\/index.php\/wp-json\/wp\/v2\/users\/3"}],"replies":[{"embeddable":true,"href":"https:\/\/corrientesdetarde.com\/index.php\/wp-json\/wp\/v2\/comments?post=61939"}],"version-history":[{"count":1,"href":"https:\/\/corrientesdetarde.com\/index.php\/wp-json\/wp\/v2\/posts\/61939\/revisions"}],"predecessor-version":[{"id":61941,"href":"https:\/\/corrientesdetarde.com\/index.php\/wp-json\/wp\/v2\/posts\/61939\/revisions\/61941"}],"wp:featuredmedia":[{"embeddable":true,"href":"https:\/\/corrientesdetarde.com\/index.php\/wp-json\/wp\/v2\/media\/61940"}],"wp:attachment":[{"href":"https:\/\/corrientesdetarde.com\/index.php\/wp-json\/wp\/v2\/media?parent=61939"}],"wp:term":[{"taxonomy":"category","embeddable":true,"href":"https:\/\/corrientesdetarde.com\/index.php\/wp-json\/wp\/v2\/categories?post=61939"},{"taxonomy":"post_tag","embeddable":true,"href":"https:\/\/corrientesdetarde.com\/index.php\/wp-json\/wp\/v2\/tags?post=61939"}],"curies":[{"name":"wp","href":"https:\/\/api.w.org\/{rel}","templated":true}]}}