{"id":61942,"date":"2023-05-20T08:38:42","date_gmt":"2023-05-20T11:38:42","guid":{"rendered":"https:\/\/corrientesdetarde.com\/?p=61942"},"modified":"2023-05-20T08:38:49","modified_gmt":"2023-05-20T11:38:49","slug":"valdes-en-la-rural-argentina-es-el-campo-y-aca-lo-reafirmamos","status":"publish","type":"post","link":"https:\/\/corrientesdetarde.com\/index.php\/locales\/valdes-en-la-rural-argentina-es-el-campo-y-aca-lo-reafirmamos\/","title":{"rendered":"Vald\u00e9s en la Rural: &#8220;Argentina es el campo y ac\u00e1 lo reafirmamos&#8221;"},"content":{"rendered":"\n<p>El Gobernador asisti\u00f3 al cierre de la Exposici\u00f3n Nacional de Razas, que se desarroll\u00f3 en Corrientes con importante participaci\u00f3n de caba\u00f1as especializadas. En la entrega de premios, el Mandatario ratific\u00f3 el apoyo al sector y su desarrollo en gen\u00e9tica.<\/p>\n\n\n\n<p>&#8220;Quiero agradecer, como Gobernador, la presencia de cada uno de ustedes en esta noche, en la que, como decimos los correntinos, nos estamos enchamigando&#8221;, expres\u00f3 el gobernador, Gustavo Vald\u00e9s, en el acto de cierre de la Exposici\u00f3n Nacional de Razas, tambi\u00e9n conocida como &#8220;Las Nacionales&#8221;, que se llev\u00f3 a cabo en el predio de la Sociedad Rural de Corrientes (SRC), que por cuatro d\u00edas agrup\u00f3 a las mejores caba\u00f1as especializadas del pa\u00eds.<\/p>\n\n\n\n<p>Al reconocer el desarrollo en gen\u00e9tica de avanzada que aplica el sector ganadero, Vald\u00e9s sostuvo que &#8220;estamos construyendo futuro&#8221;, y en este sentido, llam\u00f3 a reflexionar acerca del rol del Estado y la producci\u00f3n, porque &#8220;la Rep\u00fablica Argentina es el campo y ac\u00e1 lo reafirmamos&#8221;, indic\u00f3 para expresar -una vez m\u00e1s- su apoyo al sector productivo.<\/p>\n\n\n\n<p>De esta manera, el Mandatario correntino particip\u00f3 espec\u00edficamente del cocktail &#8220;La noche de los grandes campeones&#8221;, en el marco del mencionado evento, que reuni\u00f3 por tercer a\u00f1o consecutivo la 20\u00aa Exposici\u00f3n Nacional Braford, la 11\u00aa Exposici\u00f3n Nacional del Ternero Braford, la 21\u00aa Exposici\u00f3n Nacional Brahman y la 2\u00aa Exposici\u00f3n Regional de Dorper y White Dorper. La organizaci\u00f3n estuvo a cargo de ExpoAgro, con el apoyo del Gobierno provincial.<\/p>\n\n\n\n<p>En el encuentro en la Rural, Vald\u00e9s afirm\u00f3 que &#8220;el Gobierno y el Estado no es el due\u00f1o de todo; el due\u00f1o de todo fuera de los campos es el Estado&#8221;, dijo y agreg\u00f3 seguidamente: &#8220;Nosotros somos los responsables de generar las condiciones de producci\u00f3n, sin embargo, los productores son los responsables de generar la excelencia gen\u00e9tica que nos llena de orgullo a los argentinos en el mundo&#8221;.<\/p>\n\n\n\n<p>Asimismo, asever\u00f3 que &#8220;cada a\u00f1o que pasa me llena de orgullo el sector, porque los productores del campo correntino, a pesar del fuego y de la seca, siguen produciendo y trabajando. Por eso los insto a seguir haci\u00e9ndolo, y a los del resto de las provincias que nos est\u00e1n acompa\u00f1ando hoy, les digo que esta es su casa&#8221;.<\/p>\n\n\n\n<p>Luego, en contacto con la prensa, Gustavo Vald\u00e9s fue consultado sobre la importancia que le asigna el Gobierno a este evento, por lo cual manifest\u00f3: &#8220;Nosotros, productivamente, lo que apostamos mucho es a la gen\u00e9tica y el tener mundiales o nacionales, la verdad que nos llena de orgullo, de felicidad&#8221;.<\/p>\n\n\n\n<figure class=\"wp-block-image\"><img decoding=\"async\" src=\"https:\/\/www.diarioepoca.com\/content\/bucket\/1\/1297371w380h437c.jpg.webp\" alt=\"\"\/><\/figure>\n\n\n\n<p>Posteriormente, a\u00f1adi\u00f3 que &#8220;parte de la excelencia productiva tambi\u00e9n tiene que ver con la industrializaci\u00f3n: ojal\u00e1 podamos tener un Gobierno nacional con alg\u00fan tipo de incentivo para que nosotros podamos tener frigor\u00edficos y avanzar sobre la industria c\u00e1rnica&#8221;.<\/p>\n\n\n\n<figure class=\"wp-block-image\"><img decoding=\"async\" src=\"https:\/\/www.diarioepoca.com\/content\/bucket\/2\/1297372w380h437c.jpg.webp\" alt=\"\"\/><\/figure>\n\n\n\n<p>Por \u00faltimo, Vald\u00e9s le aconsej\u00f3 a la pr\u00f3xima gesti\u00f3n nacional, &#8220;desde este lugar -donde Corrientes muestra al pa\u00eds y al mundo la gen\u00e9tica ganadera-, que tenga previsibilidad, seguridad jur\u00eddica, que apuesten al federalismo y por la igualdad de las provincias argentinas, porque solamente as\u00ed, pensando en la producci\u00f3n y en la industrializaci\u00f3n, vamos a salir adelante&#8221;.<\/p>\n\n\n\n<h2 class=\"wp-block-heading\">Optimismo, pese al contexto complicado: tras 20 a\u00f1os, Brahman super\u00f3 los 100 animales en<\/h2>\n\n\n\n<figure class=\"wp-block-image\"><img decoding=\"async\" src=\"https:\/\/www.diarioepoca.com\/content\/bucket\/4\/1297424w380h369c.jpg.webp\" alt=\"\"\/><\/figure>\n\n\n\n<p>El presidente de la Asociaci\u00f3n de Criadores Brahman de Argentina, Esteban Binaghi, destac\u00f3 en el acto en la Rural de Corrientes el v\u00ednculo con la entidad anfitriona.<\/p>\n\n\n\n<p>Tambi\u00e9n, aprovech\u00f3 para dejar &#8220;un mensaje de optimismo en un contexto del pa\u00eds, que no le voy a contar a todos c\u00f3mo est\u00e1, pero s\u00ed que nos podemos unir, pensar en cosas superadoras, un ejemplo de esto: tres razas que se juntan, que tienen un objetivo com\u00fan, que es brindar herramientas al productor para que trabaje, para que sea m\u00e1s eficiente, para que produzca para un pa\u00eds, para el mundo&#8221;.<\/p>\n\n\n\n<p>Igualmente, &#8220;ante tanta negatividad, nuestra raza super\u00f3 -despu\u00e9s de 20 a\u00f1os- los 100 animales en pista, 23 expositores&#8221;, concluy\u00f3.<\/p>\n\n\n\n<p>A su turno, el gerente de Comunicaci\u00f3n de ExpoAgro, Diego Abdo, coment\u00f3 que &#8220;para nosotros como organizadores del evento, estamos con mucha alegr\u00eda por volver a Corrientes, una provincia que nos trata muy bien, la cual tiene que ver mucho con la ganader\u00eda, y con el Gobierno de la Provincia que siempre est\u00e1 acompa\u00f1ando&#8221;.<\/p>\n\n\n\n<h2 class=\"wp-block-heading\">Remate de Campeones, el final del encuentro<\/h2>\n\n\n\n<p>Con el Remate de Campeones, en el que salieron a venta toros y vientres \u00e9lite de las razas Brahman y Braford, el jueves por la noche finaliz\u00f3 la edici\u00f3n 2023 de las Nacionales que se llevaron a cabo en la Sociedad Rural de Corrientes.<\/p>\n\n\n\n<p>En primer lugar, se vendi\u00f3 el 50% de la Reservada Gran Campeona de la Nacional Braford, una vaquillona de las caba\u00f1as El Bromista y San Carlos, que fue adquirido por una caba\u00f1a de Formosa en $13.500.000.<\/p>\n\n\n\n<p>Tambi\u00e9n se vendieron toros Braford con muy buenos valores, como el Campe\u00f3n Individual de Conjunto de caba\u00f1a Marta Carina, de la provincia de Entre R\u00edos, que se vendi\u00f3 en $5.000.000.<\/p>\n\n\n\n<p>En hembras de la raza Brahman, se dio una interesante puja entre varias caba\u00f1as, ya que hubo una oferta importante, con muchos productos de caba\u00f1a R\u00edo Seco, una de las caba\u00f1as m\u00e1s destacadas del circuito.<\/p>\n\n\n\n<p>Tambi\u00e9n sali\u00f3 a la venta el Gran Campe\u00f3n Macho de la Exposici\u00f3n Nacional Brahman, de caba\u00f1a Marcaojo, que se vendi\u00f3 en $6.000.000.<\/p>\n\n\n\n<p>De esta manera, con la venta de estos productos \u00e9lite, finalizaron las Nacionales Brahman y Braford, en la que qued\u00f3 reflejada la calidad y el gran momento que viven ambas razas, gracias al esfuerzo de los criadores argentinos.<\/p>\n","protected":false},"excerpt":{"rendered":"<p>El Gobernador asisti\u00f3 al cierre de la Exposici\u00f3n Nacional de Razas, que se desarroll\u00f3 en Corrientes con importante participaci\u00f3n de caba\u00f1as especializadas. En la entrega de premios, el Mandatario ratific\u00f3&hellip; <\/p>\n","protected":false},"author":3,"featured_media":61943,"comment_status":"closed","ping_status":"open","sticky":false,"template":"","format":"standard","meta":{"footnotes":""},"categories":[8],"tags":[],"class_list":["post-61942","post","type-post","status-publish","format-standard","has-post-thumbnail","hentry","category-locales"],"_links":{"self":[{"href":"https:\/\/corrientesdetarde.com\/index.php\/wp-json\/wp\/v2\/posts\/61942","targetHints":{"allow":["GET"]}}],"collection":[{"href":"https:\/\/corrientesdetarde.com\/index.php\/wp-json\/wp\/v2\/posts"}],"about":[{"href":"https:\/\/corrientesdetarde.com\/index.php\/wp-json\/wp\/v2\/types\/post"}],"author":[{"embeddable":true,"href":"https:\/\/corrientesdetarde.com\/index.php\/wp-json\/wp\/v2\/users\/3"}],"replies":[{"embeddable":true,"href":"https:\/\/corrientesdetarde.com\/index.php\/wp-json\/wp\/v2\/comments?post=61942"}],"version-history":[{"count":1,"href":"https:\/\/corrientesdetarde.com\/index.php\/wp-json\/wp\/v2\/posts\/61942\/revisions"}],"predecessor-version":[{"id":61944,"href":"https:\/\/corrientesdetarde.com\/index.php\/wp-json\/wp\/v2\/posts\/61942\/revisions\/61944"}],"wp:featuredmedia":[{"embeddable":true,"href":"https:\/\/corrientesdetarde.com\/index.php\/wp-json\/wp\/v2\/media\/61943"}],"wp:attachment":[{"href":"https:\/\/corrientesdetarde.com\/index.php\/wp-json\/wp\/v2\/media?parent=61942"}],"wp:term":[{"taxonomy":"category","embeddable":true,"href":"https:\/\/corrientesdetarde.com\/index.php\/wp-json\/wp\/v2\/categories?post=61942"},{"taxonomy":"post_tag","embeddable":true,"href":"https:\/\/corrientesdetarde.com\/index.php\/wp-json\/wp\/v2\/tags?post=61942"}],"curies":[{"name":"wp","href":"https:\/\/api.w.org\/{rel}","templated":true}]}}