{"id":62015,"date":"2023-05-20T22:33:20","date_gmt":"2023-05-21T01:33:20","guid":{"rendered":"https:\/\/corrientesdetarde.com\/?p=62015"},"modified":"2023-05-20T22:33:23","modified_gmt":"2023-05-21T01:33:23","slug":"pergolini-sera-candidato-a-presidente-de-boca","status":"publish","type":"post","link":"https:\/\/corrientesdetarde.com\/index.php\/deportes\/pergolini-sera-candidato-a-presidente-de-boca\/","title":{"rendered":"Pergolini ser\u00e1 candidato a presidente de Boca"},"content":{"rendered":"\n<p>El empresario Mario Pergolini anunci\u00f3 este s\u00e1bado que ser\u00e1 candidato a presidente de Boca en las elecciones de diciembre venidero. All\u00ed competir\u00e1 con Andr\u00e9s Ibarra por parte de la agrupaci\u00f3n de Mauricio Macri y con el actual vice, Juan Rom\u00e1n Riquelme.<\/p>\n\n\n\n<p>&#8220;Voy a jugar. Creo que es la primera vez que lo digo, pero me parece que es momento de hacerlo, a diferencia de c\u00f3mo lo hice la vez pasada&#8221;, dijo Pergolini, quien integr\u00f3 el oficialismo de Jorge Ameal y renunci\u00f3 con meses de gesti\u00f3n.<\/p>\n\n\n\n<p>&#8220;Hay espacio, en este momento, para discutir candidaturas. Quiero hacerlo, me qued\u00e9 con ganas la vez pasada&#8230;&#8221;, dijo el due\u00f1o de Vorterix en una nota concedida al programa &#8220;Boca es Boca&#8221;.<\/p>\n\n\n\n<p>Adem\u00e1s, el exconductor televisivo aclar\u00f3 que no lo expulsaron del club y que &#8220;la decisi\u00f3n&#8221; de alejarse pas\u00f3 por \u00e9l, cuando not\u00f3 que &#8220;no pod\u00eda hacer las cosas&#8221; como quer\u00eda. &#8220;Quiero armar mi equipo de trabajo para hacer todo a nuestra manera&#8221;, afirm\u00f3.<\/p>\n\n\n\n<p>&#8220;Se polariz\u00f3 mucho entre lo que pasaba en el predio de Ezeiza, donde Rom\u00e1n se hab\u00eda instalado, y lo que pasaba en Brandsen. Y yo, que soy de otro palo y que hab\u00eda ido a contribuir en otras cosas, lo que propon\u00eda o no pasaba o ten\u00edan otra idea y no la iban a hacer. Y a m\u00ed nunca me gust\u00f3 ocupar un lugar por ocuparlo&#8221;, explic\u00f3.<\/p>\n\n\n\n<p>Pergolini se pele\u00f3 con Riquelme, m\u00e1ximo \u00eddolo de Boca y actualmente vicepresidente y con predominio en el Consejo del F\u00fatbol. Por ende, el empresario renunci\u00f3 a su cargo de vicepresidente segundo de la instituci\u00f3n &#8220;xeneize&#8221;.<\/p>\n\n\n\n<p>&#8220;La gente que hace la comunicaci\u00f3n debe ser gente de Boca, no una agencia, pero esa es mi visi\u00f3n. Ni siquiera creo que sea la acertada, pero si no lo puedo llevar adelante, mejor correrme&#8221;, opin\u00f3 en su salida del verano del 2021, apenas un a\u00f1o despu\u00e9s de asumir en la f\u00f3rmula con Ameal.<\/p>\n\n\n\n<p>El empresario Mario Pergolini anunci\u00f3 este s\u00e1bado que ser\u00e1 candidato a presidente de Boca en las elecciones de diciembre venidero. All\u00ed competir\u00e1 con Andr\u00e9s Ibarra por parte de la agrupaci\u00f3n de Mauricio Macri y con el actual vice, Juan Rom\u00e1n Riquelme.<\/p>\n\n\n\n<p>&#8220;Voy a jugar. Creo que es la primera vez que lo digo, pero me parece que es momento de hacerlo, a diferencia de c\u00f3mo lo hice la vez pasada&#8221;, dijo Pergolini, quien integr\u00f3 el oficialismo de Jorge Ameal y renunci\u00f3 con meses de gesti\u00f3n.<\/p>\n\n\n\n<p>&#8220;Hay espacio, en este momento, para discutir candidaturas. Quiero hacerlo, me qued\u00e9 con ganas la vez pasada&#8230;&#8221;, dijo el due\u00f1o de Vorterix en una nota concedida al programa &#8220;Boca es Boca&#8221;.<\/p>\n\n\n\n<p>Adem\u00e1s, el exconductor televisivo aclar\u00f3 que no lo expulsaron del club y que &#8220;la decisi\u00f3n&#8221; de alejarse pas\u00f3 por \u00e9l, cuando not\u00f3 que &#8220;no pod\u00eda hacer las cosas&#8221; como quer\u00eda. &#8220;Quiero armar mi equipo de trabajo para hacer todo a nuestra manera&#8221;, afirm\u00f3.<\/p>\n\n\n\n<p>&#8220;Se polariz\u00f3 mucho entre lo que pasaba en el predio de Ezeiza, donde Rom\u00e1n se hab\u00eda instalado, y lo que pasaba en Brandsen. Y yo, que soy de otro palo y que hab\u00eda ido a contribuir en otras cosas, lo que propon\u00eda o no pasaba o ten\u00edan otra idea y no la iban a hacer. Y a m\u00ed nunca me gust\u00f3 ocupar un lugar por ocuparlo&#8221;, explic\u00f3.<\/p>\n\n\n\n<p>Pergolini se pele\u00f3 con Riquelme, m\u00e1ximo \u00eddolo de Boca y actualmente vicepresidente y con predominio en el Consejo del F\u00fatbol. Por ende, el empresario renunci\u00f3 a su cargo de vicepresidente segundo de la instituci\u00f3n &#8220;xeneize&#8221;.<\/p>\n\n\n\n<p>&#8220;La gente que hace la comunicaci\u00f3n debe ser gente de Boca, no una agencia, pero esa es mi visi\u00f3n. Ni siquiera creo que sea la acertada, pero si no lo puedo llevar adelante, mejor correrme&#8221;, opin\u00f3 en su salida del verano del 2021, apenas un a\u00f1o despu\u00e9s de asumir en la f\u00f3rmula con Ameal.<\/p>\n","protected":false},"excerpt":{"rendered":"<p>El empresario Mario Pergolini anunci\u00f3 este s\u00e1bado que ser\u00e1 candidato a presidente de Boca en las elecciones de diciembre venidero. All\u00ed competir\u00e1 con Andr\u00e9s Ibarra por parte de la agrupaci\u00f3n&hellip; <\/p>\n","protected":false},"author":1,"featured_media":62023,"comment_status":"closed","ping_status":"open","sticky":false,"template":"","format":"standard","meta":{"footnotes":""},"categories":[4,19],"tags":[],"class_list":["post-62015","post","type-post","status-publish","format-standard","has-post-thumbnail","hentry","category-deportes","category-espectaculos"],"_links":{"self":[{"href":"https:\/\/corrientesdetarde.com\/index.php\/wp-json\/wp\/v2\/posts\/62015","targetHints":{"allow":["GET"]}}],"collection":[{"href":"https:\/\/corrientesdetarde.com\/index.php\/wp-json\/wp\/v2\/posts"}],"about":[{"href":"https:\/\/corrientesdetarde.com\/index.php\/wp-json\/wp\/v2\/types\/post"}],"author":[{"embeddable":true,"href":"https:\/\/corrientesdetarde.com\/index.php\/wp-json\/wp\/v2\/users\/1"}],"replies":[{"embeddable":true,"href":"https:\/\/corrientesdetarde.com\/index.php\/wp-json\/wp\/v2\/comments?post=62015"}],"version-history":[{"count":1,"href":"https:\/\/corrientesdetarde.com\/index.php\/wp-json\/wp\/v2\/posts\/62015\/revisions"}],"predecessor-version":[{"id":62024,"href":"https:\/\/corrientesdetarde.com\/index.php\/wp-json\/wp\/v2\/posts\/62015\/revisions\/62024"}],"wp:featuredmedia":[{"embeddable":true,"href":"https:\/\/corrientesdetarde.com\/index.php\/wp-json\/wp\/v2\/media\/62023"}],"wp:attachment":[{"href":"https:\/\/corrientesdetarde.com\/index.php\/wp-json\/wp\/v2\/media?parent=62015"}],"wp:term":[{"taxonomy":"category","embeddable":true,"href":"https:\/\/corrientesdetarde.com\/index.php\/wp-json\/wp\/v2\/categories?post=62015"},{"taxonomy":"post_tag","embeddable":true,"href":"https:\/\/corrientesdetarde.com\/index.php\/wp-json\/wp\/v2\/tags?post=62015"}],"curies":[{"name":"wp","href":"https:\/\/api.w.org\/{rel}","templated":true}]}}