{"id":62016,"date":"2023-05-20T22:24:36","date_gmt":"2023-05-21T01:24:36","guid":{"rendered":"https:\/\/corrientesdetarde.com\/?p=62016"},"modified":"2023-05-20T22:26:10","modified_gmt":"2023-05-21T01:26:10","slug":"asi-se-vivio-la-ceremonia-inaugural-del-mundial-sub20","status":"publish","type":"post","link":"https:\/\/corrientesdetarde.com\/index.php\/informacion-general\/asi-se-vivio-la-ceremonia-inaugural-del-mundial-sub20\/","title":{"rendered":"As\u00ed se vivi\u00f3 la ceremonia inaugural del Mundial Sub20"},"content":{"rendered":"\n<p>El Mundial de f\u00fatbol Sub-20 tuvo una magn\u00edfica ceremonia inaugural en el estadio \u00danico Madre de Ciudades, luego del triunfo de Nueva Zelanda sobre Guatemala y en la previa del debut del seleccionado argentino ante Uzbekist\u00e1n.<\/p>\n\n\n\n<p>El coloso provincial, que luce colmado a la espera de la presentaci\u00f3n del elenco que dirige Javier Mascherano, se deleit\u00f3 con un emotivo acto que dur\u00f3 un poco m\u00e1s de diez minutos.<\/p>\n\n\n\n<figure class=\"wp-block-embed is-type-video is-provider-youtube wp-block-embed-youtube wp-embed-aspect-16-9 wp-has-aspect-ratio\"><div class=\"wp-block-embed__wrapper\">\n<iframe loading=\"lazy\" title=\"Mundial Sub 20: Ceremonia inaugural\" width=\"1110\" height=\"624\" src=\"https:\/\/www.youtube.com\/embed\/cot9p_FNxOw?feature=oembed\" frameborder=\"0\" allow=\"accelerometer; autoplay; clipboard-write; encrypted-media; gyroscope; picture-in-picture; web-share\" allowfullscreen><\/iframe>\n<\/div><\/figure>\n\n\n\n<p>Al ritmo de los principales g\u00e9neros musicales de nuestro pa\u00eds, como la chacarera, el rock nacional y el tango, se despleg\u00f3 un tel\u00f3n celeste gigante que cubri\u00f3 todo el campo de juego. El mismo ten\u00eda el logo de FIFA, la Copa Mundial Sub20 y los pa\u00edses participantes. Uno a uno fueron ingresando las banderas de las 24 selecciones que disputan el certamen ecum\u00e9nico.<\/p>\n\n\n\n<p>Una armoniosa coreograf\u00eda, acompa\u00f1ada de luces y fuegos artificiales, se despleg\u00f3 a lo largo y lo ancho del terreno de juego, desatando la ovaci\u00f3n del p\u00fablico.<\/p>\n\n\n\n<figure class=\"wp-block-embed is-type-video is-provider-youtube wp-block-embed-youtube wp-embed-aspect-4-3 wp-has-aspect-ratio\"><div class=\"wp-block-embed__wrapper\">\n<iframe loading=\"lazy\" title=\"Mundial Sub20: Ceremonia inaugural\" width=\"1110\" height=\"833\" src=\"https:\/\/www.youtube.com\/embed\/jqVyMlfz_UA?feature=oembed\" frameborder=\"0\" allow=\"accelerometer; autoplay; clipboard-write; encrypted-media; gyroscope; picture-in-picture; web-share\" allowfullscreen><\/iframe>\n<\/div><\/figure>\n\n\n\n<figure class=\"wp-block-embed is-type-rich is-provider-twitter wp-block-embed-twitter\"><div class=\"wp-block-embed__wrapper\">\n<blockquote class=\"twitter-tweet\" data-width=\"550\" data-dnt=\"true\"><p lang=\"es\" dir=\"ltr\">\u00a1EL HIMNO NACIONAL ARGENTINO! <br><br>\u00a1VAMOS, SELECCI\u00d3N! \u00a1VAMOS, PIBES! <a href=\"https:\/\/t.co\/qBOIA1UmTK\">pic.twitter.com\/qBOIA1UmTK<\/a><\/p>&mdash; TyC Sports (@TyCSports) <a href=\"https:\/\/twitter.com\/TyCSports\/status\/1660030933855092737?ref_src=twsrc%5Etfw\">May 20, 2023<\/a><\/blockquote><script async src=\"https:\/\/platform.twitter.com\/widgets.js\" charset=\"utf-8\"><\/script>\n<\/div><\/figure>\n","protected":false},"excerpt":{"rendered":"<p>El Mundial de f\u00fatbol Sub-20 tuvo una magn\u00edfica ceremonia inaugural en el estadio \u00danico Madre de Ciudades, luego del triunfo de Nueva Zelanda sobre Guatemala y en la previa del&hellip; <\/p>\n","protected":false},"author":1,"featured_media":62021,"comment_status":"closed","ping_status":"open","sticky":false,"template":"","format":"standard","meta":{"footnotes":""},"categories":[4,1],"tags":[],"class_list":["post-62016","post","type-post","status-publish","format-standard","has-post-thumbnail","hentry","category-deportes","category-informacion-general"],"_links":{"self":[{"href":"https:\/\/corrientesdetarde.com\/index.php\/wp-json\/wp\/v2\/posts\/62016","targetHints":{"allow":["GET"]}}],"collection":[{"href":"https:\/\/corrientesdetarde.com\/index.php\/wp-json\/wp\/v2\/posts"}],"about":[{"href":"https:\/\/corrientesdetarde.com\/index.php\/wp-json\/wp\/v2\/types\/post"}],"author":[{"embeddable":true,"href":"https:\/\/corrientesdetarde.com\/index.php\/wp-json\/wp\/v2\/users\/1"}],"replies":[{"embeddable":true,"href":"https:\/\/corrientesdetarde.com\/index.php\/wp-json\/wp\/v2\/comments?post=62016"}],"version-history":[{"count":1,"href":"https:\/\/corrientesdetarde.com\/index.php\/wp-json\/wp\/v2\/posts\/62016\/revisions"}],"predecessor-version":[{"id":62020,"href":"https:\/\/corrientesdetarde.com\/index.php\/wp-json\/wp\/v2\/posts\/62016\/revisions\/62020"}],"wp:featuredmedia":[{"embeddable":true,"href":"https:\/\/corrientesdetarde.com\/index.php\/wp-json\/wp\/v2\/media\/62021"}],"wp:attachment":[{"href":"https:\/\/corrientesdetarde.com\/index.php\/wp-json\/wp\/v2\/media?parent=62016"}],"wp:term":[{"taxonomy":"category","embeddable":true,"href":"https:\/\/corrientesdetarde.com\/index.php\/wp-json\/wp\/v2\/categories?post=62016"},{"taxonomy":"post_tag","embeddable":true,"href":"https:\/\/corrientesdetarde.com\/index.php\/wp-json\/wp\/v2\/tags?post=62016"}],"curies":[{"name":"wp","href":"https:\/\/api.w.org\/{rel}","templated":true}]}}