{"id":62027,"date":"2023-05-20T22:38:44","date_gmt":"2023-05-21T01:38:44","guid":{"rendered":"https:\/\/corrientesdetarde.com\/?p=62027"},"modified":"2023-05-20T22:38:50","modified_gmt":"2023-05-21T01:38:50","slug":"arteco-2023-homenaje-a-beatriz-moreiro-en-la-legislatura-provincial","status":"publish","type":"post","link":"https:\/\/corrientesdetarde.com\/index.php\/locales\/arteco-2023-homenaje-a-beatriz-moreiro-en-la-legislatura-provincial\/","title":{"rendered":"ArteCo 2023: Homenaje a Beatriz Moreiro en la Legislatura provincial"},"content":{"rendered":"\n<p>Este s\u00e1bado 20 de mayo qued\u00f3 inaugurada la muestra homenaje \u201cCuando la tierra se duerma\u201d, de Beatriz Moreiro, en el Sal\u00f3n de los Pasos Perdidos de la Legislatura Provincial, organizada en el marco de ArteCo 2023.<\/p>\n\n\n\n<figure class=\"wp-block-embed is-type-video is-provider-youtube wp-block-embed-youtube wp-embed-aspect-16-9 wp-has-aspect-ratio\"><div class=\"wp-block-embed__wrapper\">\n<iframe loading=\"lazy\" title=\"Inauguraci\u00f3n de Muestra de ArteCo en la Legislatura\" width=\"1110\" height=\"624\" src=\"https:\/\/www.youtube.com\/embed\/CO4oZfoFFew?feature=oembed\" frameborder=\"0\" allow=\"accelerometer; autoplay; clipboard-write; encrypted-media; gyroscope; picture-in-picture; web-share\" allowfullscreen><\/iframe>\n<\/div><\/figure>\n\n\n\n<p><br>El vicegobernador Pedro Braillard Poccard, entreg\u00f3 a la artista el reconocimiento \u201cGeneral San Mart\u00edn\u201d que otorga el Senado de la Provincia a personalidades destacadas.<br>Ante un destacado auditorio que cont\u00f3 con la presencia del Presidente del Instituto de Cultura Gabriel Romero, artistas, curadores, periodismo especializado e invitados especiales, Beatriz Moreiro afirm\u00f3: \u201cYo simplemente soy una trabajadora, me llegan mensajes del universo, que se me ponen a la vista para plasmarlos. La vida y el trabajo de muchos a\u00f1os me han dado las t\u00e9cnicas para poder hacerlo. Y de lo que m\u00e1s contenta estoy es de mi mejor obra, que son mis tres hijos, que han elegido el camino del arte lo cual me enorgullece profundamente. Quiero decir que vivir del arte fue importante. Agradezco profundamente este homenaje\u201d.<br>Braillard Poccard expres\u00f3, a su vez: \u201cEn primer lugar, gracias a todos por estar ac\u00e1. Siempre los eventos que organizamos cuentan con una gran presencia, y es lo que le da el realce necesario. Quiero agradecer especialmente a se\u00f1ora Beatriz por el honor que nos confiere exponer su obra hoy ac\u00e1. Como ustedes saben, es una pol\u00edtica del Senado de la provincia tener una actividad cultural permanente todo el a\u00f1o, que va desde obras de artistas consagrados, como en este caso, pero tambi\u00e9n artistas noveles que encuentran su oportunidad de mostrar su creatividad, su talento y nosotros tratamos de brindar el marco necesario\u201d.<\/p>\n\n\n\n<figure class=\"wp-block-image size-large\"><img loading=\"lazy\" decoding=\"async\" width=\"1024\" height=\"683\" src=\"https:\/\/corrientesdetarde.com\/wp-content\/uploads\/2023\/05\/WhatsApp-Image-2023-05-20-at-19.31.42-1024x683.jpg\" alt=\"\" class=\"wp-image-62029\" srcset=\"https:\/\/corrientesdetarde.com\/wp-content\/uploads\/2023\/05\/WhatsApp-Image-2023-05-20-at-19.31.42-1024x683.jpg 1024w, https:\/\/corrientesdetarde.com\/wp-content\/uploads\/2023\/05\/WhatsApp-Image-2023-05-20-at-19.31.42-300x200.jpg 300w, https:\/\/corrientesdetarde.com\/wp-content\/uploads\/2023\/05\/WhatsApp-Image-2023-05-20-at-19.31.42-768x512.jpg 768w, https:\/\/corrientesdetarde.com\/wp-content\/uploads\/2023\/05\/WhatsApp-Image-2023-05-20-at-19.31.42-1536x1024.jpg 1536w, https:\/\/corrientesdetarde.com\/wp-content\/uploads\/2023\/05\/WhatsApp-Image-2023-05-20-at-19.31.42-272x182.jpg 272w, https:\/\/corrientesdetarde.com\/wp-content\/uploads\/2023\/05\/WhatsApp-Image-2023-05-20-at-19.31.42.jpg 1599w\" sizes=\"auto, (max-width: 1024px) 100vw, 1024px\" \/><\/figure>\n\n\n\n<p><br>Asimismo, agradeci\u00f3 al presidente del Instituto de Cultura, \u201cpor haber considerado a la Legislatura de Corrientes para esta muestra de tanto nivel por segundo a\u00f1o consecutivo en el marco de ArteCo, y especialmente agradezco a la artista, por su generosidad de estar hoy ac\u00e1, y de haber recibido esta distinci\u00f3n que otorga el Senado a aquellas personalidades que aportan algo a la sociedad, como en este caso es una obra tan valiosa\u201d.<br>La inauguraci\u00f3n cont\u00f3 con la presentaci\u00f3n de Alejandro Tato Ram\u00edrez, destacado m\u00fasico chamamecero de Corrientes, co fundador de Taji.<br>Cuando la tierra se duerma<br>La muestra gira en torno a la destrucci\u00f3n y devastaci\u00f3n de la tierra, pero tambi\u00e9n tiene un mensaje de esperanza. Consta de dibujos en grafito en blanco y negro, dibujos de hongos en formatos grandes y medianos. Hay una instalaci\u00f3n sonora y una video instalaci\u00f3n. Hay textos de Beatriz Moreiro y del curador,\u00a0Rodrigo\u00a0Alonso.<\/p>\n\n\n\n<figure class=\"wp-block-image size-large\"><img loading=\"lazy\" decoding=\"async\" width=\"1024\" height=\"683\" src=\"https:\/\/corrientesdetarde.com\/wp-content\/uploads\/2023\/05\/WhatsApp-Image-2023-05-20-at-19.31.41-1024x683.jpg\" alt=\"\" class=\"wp-image-62028\" srcset=\"https:\/\/corrientesdetarde.com\/wp-content\/uploads\/2023\/05\/WhatsApp-Image-2023-05-20-at-19.31.41-1024x683.jpg 1024w, https:\/\/corrientesdetarde.com\/wp-content\/uploads\/2023\/05\/WhatsApp-Image-2023-05-20-at-19.31.41-300x200.jpg 300w, https:\/\/corrientesdetarde.com\/wp-content\/uploads\/2023\/05\/WhatsApp-Image-2023-05-20-at-19.31.41-768x512.jpg 768w, https:\/\/corrientesdetarde.com\/wp-content\/uploads\/2023\/05\/WhatsApp-Image-2023-05-20-at-19.31.41-1536x1024.jpg 1536w, https:\/\/corrientesdetarde.com\/wp-content\/uploads\/2023\/05\/WhatsApp-Image-2023-05-20-at-19.31.41-272x182.jpg 272w, https:\/\/corrientesdetarde.com\/wp-content\/uploads\/2023\/05\/WhatsApp-Image-2023-05-20-at-19.31.41.jpg 1599w\" sizes=\"auto, (max-width: 1024px) 100vw, 1024px\" \/><\/figure>\n","protected":false},"excerpt":{"rendered":"<p>Este s\u00e1bado 20 de mayo qued\u00f3 inaugurada la muestra homenaje \u201cCuando la tierra se duerma\u201d, de Beatriz Moreiro, en el Sal\u00f3n de los Pasos Perdidos de la Legislatura Provincial, organizada&hellip; <\/p>\n","protected":false},"author":1,"featured_media":62030,"comment_status":"closed","ping_status":"open","sticky":false,"template":"","format":"standard","meta":{"footnotes":""},"categories":[8],"tags":[],"class_list":["post-62027","post","type-post","status-publish","format-standard","has-post-thumbnail","hentry","category-locales"],"_links":{"self":[{"href":"https:\/\/corrientesdetarde.com\/index.php\/wp-json\/wp\/v2\/posts\/62027","targetHints":{"allow":["GET"]}}],"collection":[{"href":"https:\/\/corrientesdetarde.com\/index.php\/wp-json\/wp\/v2\/posts"}],"about":[{"href":"https:\/\/corrientesdetarde.com\/index.php\/wp-json\/wp\/v2\/types\/post"}],"author":[{"embeddable":true,"href":"https:\/\/corrientesdetarde.com\/index.php\/wp-json\/wp\/v2\/users\/1"}],"replies":[{"embeddable":true,"href":"https:\/\/corrientesdetarde.com\/index.php\/wp-json\/wp\/v2\/comments?post=62027"}],"version-history":[{"count":1,"href":"https:\/\/corrientesdetarde.com\/index.php\/wp-json\/wp\/v2\/posts\/62027\/revisions"}],"predecessor-version":[{"id":62031,"href":"https:\/\/corrientesdetarde.com\/index.php\/wp-json\/wp\/v2\/posts\/62027\/revisions\/62031"}],"wp:featuredmedia":[{"embeddable":true,"href":"https:\/\/corrientesdetarde.com\/index.php\/wp-json\/wp\/v2\/media\/62030"}],"wp:attachment":[{"href":"https:\/\/corrientesdetarde.com\/index.php\/wp-json\/wp\/v2\/media?parent=62027"}],"wp:term":[{"taxonomy":"category","embeddable":true,"href":"https:\/\/corrientesdetarde.com\/index.php\/wp-json\/wp\/v2\/categories?post=62027"},{"taxonomy":"post_tag","embeddable":true,"href":"https:\/\/corrientesdetarde.com\/index.php\/wp-json\/wp\/v2\/tags?post=62027"}],"curies":[{"name":"wp","href":"https:\/\/api.w.org\/{rel}","templated":true}]}}