{"id":62039,"date":"2023-05-21T08:23:17","date_gmt":"2023-05-21T11:23:17","guid":{"rendered":"https:\/\/corrientesdetarde.com\/?p=62039"},"modified":"2023-05-21T08:23:20","modified_gmt":"2023-05-21T11:23:20","slug":"a-pesar-de-la-discriminacion-nacional-corrientes-esta-entre-las-provincias-con-mas-techos-propios-del-pais-y-mas-agua-de-red-en-el-nea","status":"publish","type":"post","link":"https:\/\/corrientesdetarde.com\/index.php\/actualidad\/a-pesar-de-la-discriminacion-nacional-corrientes-esta-entre-las-provincias-con-mas-techos-propios-del-pais-y-mas-agua-de-red-en-el-nea\/","title":{"rendered":"A pesar de la discriminaci\u00f3n nacional, Corrientes est\u00e1 entre las provincias con m\u00e1s techos propios del pa\u00eds y m\u00e1s agua de red en el NEA"},"content":{"rendered":"\n<p>El nuevo informe del&nbsp;INDEC difundido este viernes sobre datos que se desprenden del Censo Nacional de Poblaci\u00f3n, Hogares y Viviendas 2022 revela que Corrientes se ubica entre las provincias argentinas con m\u00e1s cantidad de viviendas propias, en el quinto lugar con un 70,3%, por arriba de la media nacional de 65,5%. Y en el Nordeste&nbsp;es la que m\u00e1s casas tiene con agua corriente de red, llegando a un 89,0%. Son dos datos positivos para una provincia que padece discriminaci\u00f3n del actual Gobierno nacional y del cu\u00e1l el gobernador de Corrientes, Gustavo Vald\u00e9s viene bregando para cambiarlo en las pr\u00f3ximas elecciones nacionales.<\/p>\n\n\n\n<p>Este informe fue desglosado por el diario La Naci\u00f3n, destacando que entre los dos \u00faltimos censos la cantidad de viviendas propias en la Argentina cay\u00f3 m\u00e1s de siete puntos porcentuales al pasar del 72,9% en 2010 al 65,5% en 2022. El nuevo dato sigue la tendencia desde 2001 cuando el porcentaje eran del 74,9%. La ciudad de Buenos Aires tiene el porcentaje m\u00e1s bajo de viviendas particulares ocupadas donde viven una o m\u00e1s personas que son propietarias, con el 52,9%.<\/p>\n\n\n\n<p>En cambio, en la provincia de Santiago del Estero, con 83,7%, se encuentra la mayor cantidad de hogares propietarios, al igual que en el Norte y Noroeste, ubic\u00e1ndose por encima de la media nacional: Chaco, 75%; Jujuy, 73,7%; Tucum\u00e1n, 73,7%; Formosa, 73,1%; y Corrientes, 70,3%. En el otro extremo aparecen Tierra del Fuego (55,9%) y Santa Cruz (57,8%).<\/p>\n\n\n\n<figure class=\"wp-block-image size-full\"><img loading=\"lazy\" decoding=\"async\" width=\"684\" height=\"923\" src=\"https:\/\/corrientesdetarde.com\/wp-content\/uploads\/2023\/05\/image-602.png\" alt=\"\" class=\"wp-image-62047\" srcset=\"https:\/\/corrientesdetarde.com\/wp-content\/uploads\/2023\/05\/image-602.png 684w, https:\/\/corrientesdetarde.com\/wp-content\/uploads\/2023\/05\/image-602-222x300.png 222w\" sizes=\"auto, (max-width: 684px) 100vw, 684px\" \/><\/figure>\n\n\n\n<p><strong>Agua corriente<\/strong><\/p>\n\n\n\n<p>En el 85,4% de las viviendas censadas en 2022 en todo el pa\u00eds los ocupantes informaron que el agua utilizada para beber y cocinar es agua corriente o de red, lo que signific\u00f3 un incremento de apenas 1,3% en 12 a\u00f1os. El vaso medio vac\u00edo indica que hay un 15% de argentinos que a\u00fan no tienen acceso al agua potable.<\/p>\n\n\n\n<p>Solo seis provincias poseen un porcentaje inferior a la media nacional. Buenos Aires se situ\u00f3 en el \u00faltimo lugar de la lista, con el 76,7% de las viviendas con acceso al agua potable. El 23,3% restante no tienen red o no est\u00e1n conectadas a la misma; es decir, puede ser un indicio de situaci\u00f3n precaria o de llegada de la red, una complejidad que puede incluir desde una villa hasta un barrio cerrado o country. Los peores registros los completan Chaco (77,1%), Formosa (78,1%), Santiago del Estero (79,4%), Misiones (80,4%) y La Pampa (84,8%), siendo Corrientes la mejor en el Nordeste en la materia con el 89,0%.<\/p>\n\n\n\n<p>Con todo el an\u00e1lisis de los servicios b\u00e1sicos que se desprenden del informe sobre las condiciones habitacionales de las viviendas del Censo 2022, hay provincias que aparecen siempre rezagadas a nivel nacional. Son los casos de Formosa (puesto 21 de 24 en cloacas; pen\u00faltima en agua potable, y \u00faltima en acceso a gas y\/o electricidad); Misiones (\u00faltima en cloacas, puesto 20 de 24 en agua, y 21 de 24 en energ\u00eda); Chaco (ante\u00faltima en acceso al agua potable; y puesto 22 de 24 en cloacas y energ\u00eda); y Santiago del Estero (ante\u00faltima en cloacas, puesto 21 de 24 en agua potable, y 18 de 24 en energ\u00eda).<\/p>\n\n\n\n<p><strong>Discriminaci\u00f3n a Corrientes como nunca antes en la historia argentina<\/strong><\/p>\n\n\n\n<p>El gobernador de Corrientes encabez\u00f3 este jueves, la entrega de 50 viviendas del Programa Integral Urban\u00edstico del barrio Doctor Monta\u00f1a en la capital provincial, m\u00e1s 13 hogares m\u00e1s del Programa EPAM (Esfuerzo Propio y Ayuda Mutua), en la misma barriada. En la oportunidad, el mandatario se comprometi\u00f3 a terminar por etapas, 200 soluciones habitacionales inconclusas por parte del Gobierno nacional, con recursos provinciales.<\/p>\n\n\n\n<p>All\u00ed, Vald\u00e9s volvi\u00f3 a recordar que \u201ces la primera vez en la historia que la Provincia est\u00e1 poniendo casi tres veces m\u00e1s plata que la Naci\u00f3n para construir viviendas\u201d, adicionando que \u201cla demanda del norte de la Argentina \u2013que hizo tanto por la patria- es tremenda, y necesitamos que haya solidaridad de la Naci\u00f3n\u201d.<\/p>\n\n\n\n<p>Continuando, el gobernador record\u00f3 situaciones pasadas donde \u201cse auto pasaban la plata de la Naci\u00f3n a la Municipalidad para salir a puentear a la Provincia, adjudicando con nombre y apellido viviendas que ni siquiera estaban construidas, y son 200\u201d, por lo que en este marco se comprometi\u00f3, \u201cante el pueblo, a ir terminando -en lotes de a 50 viviendas-\u201d este grupo habitacional del Dr. Monta\u00f1a \u201cpara que los correntinos cuenten con m\u00e1s hogares\u201d.<\/p>\n\n\n\n<p>Un d\u00eda antes, en un acto de campa\u00f1a en la gran zona capitalina &#8220;Mil Viviendas&#8221;, el mandatario provincial arenga ante una multitud que &#8220;somos un espacio pol\u00edtico que hace a\u00f1os venimos trabajando para poner de pie a Corrientes contra la injusticia y la discriminaci\u00f3n y en estas elecciones vamos a demostrar que tenemos la fuerza para cambiar\u201d. Luego, pidi\u00f3 a la ciudadan\u00eda que \u201csepamos c\u00f3mo votar\u201d, en un contexto en el que hoy la Argentina padece una de sus peores crisis.<\/p>\n","protected":false},"excerpt":{"rendered":"<p>El nuevo informe del&nbsp;INDEC difundido este viernes sobre datos que se desprenden del Censo Nacional de Poblaci\u00f3n, Hogares y Viviendas 2022 revela que Corrientes se ubica entre las provincias argentinas&hellip; <\/p>\n","protected":false},"author":4,"featured_media":62047,"comment_status":"closed","ping_status":"open","sticky":false,"template":"","format":"standard","meta":{"footnotes":""},"categories":[23],"tags":[],"class_list":["post-62039","post","type-post","status-publish","format-standard","has-post-thumbnail","hentry","category-actualidad"],"_links":{"self":[{"href":"https:\/\/corrientesdetarde.com\/index.php\/wp-json\/wp\/v2\/posts\/62039","targetHints":{"allow":["GET"]}}],"collection":[{"href":"https:\/\/corrientesdetarde.com\/index.php\/wp-json\/wp\/v2\/posts"}],"about":[{"href":"https:\/\/corrientesdetarde.com\/index.php\/wp-json\/wp\/v2\/types\/post"}],"author":[{"embeddable":true,"href":"https:\/\/corrientesdetarde.com\/index.php\/wp-json\/wp\/v2\/users\/4"}],"replies":[{"embeddable":true,"href":"https:\/\/corrientesdetarde.com\/index.php\/wp-json\/wp\/v2\/comments?post=62039"}],"version-history":[{"count":1,"href":"https:\/\/corrientesdetarde.com\/index.php\/wp-json\/wp\/v2\/posts\/62039\/revisions"}],"predecessor-version":[{"id":62048,"href":"https:\/\/corrientesdetarde.com\/index.php\/wp-json\/wp\/v2\/posts\/62039\/revisions\/62048"}],"wp:featuredmedia":[{"embeddable":true,"href":"https:\/\/corrientesdetarde.com\/index.php\/wp-json\/wp\/v2\/media\/62047"}],"wp:attachment":[{"href":"https:\/\/corrientesdetarde.com\/index.php\/wp-json\/wp\/v2\/media?parent=62039"}],"wp:term":[{"taxonomy":"category","embeddable":true,"href":"https:\/\/corrientesdetarde.com\/index.php\/wp-json\/wp\/v2\/categories?post=62039"},{"taxonomy":"post_tag","embeddable":true,"href":"https:\/\/corrientesdetarde.com\/index.php\/wp-json\/wp\/v2\/tags?post=62039"}],"curies":[{"name":"wp","href":"https:\/\/api.w.org\/{rel}","templated":true}]}}