{"id":62040,"date":"2023-05-21T08:17:46","date_gmt":"2023-05-21T11:17:46","guid":{"rendered":"https:\/\/corrientesdetarde.com\/?p=62040"},"modified":"2023-05-21T08:18:04","modified_gmt":"2023-05-21T11:18:04","slug":"familias-del-barrio-laguna-brava-recibieron-capacitacion","status":"publish","type":"post","link":"https:\/\/corrientesdetarde.com\/index.php\/sociales\/familias-del-barrio-laguna-brava-recibieron-capacitacion\/","title":{"rendered":"Familias del Barrio Laguna Brava recibieron capacitaci\u00f3n"},"content":{"rendered":"\n<p>El pasado jueves, el Ministerio de Desarrollo Social realiz\u00f3 una visita al Barrio Laguna Brava donde se llev\u00f3 a cabo la capacitaci\u00f3n denominada \u201cVos s\u00ed podes\u201d. El Programa es implementado por la Subsecretar\u00eda de Desarrollo Humano e Igualdad.<\/p>\n\n\n\n<p>La capacitaci\u00f3n estuvo a cargo del mag\u00edster Alejandro Bottini, quien brind\u00f3 charlas motivacionales de promoci\u00f3n humana y social.<\/p>\n\n\n\n<p>En esta oportunidad, se reunieron numeroso vecinos, quienes escucharon con gran entusiasmo la charla.<\/p>\n\n\n\n<p>\u201cEs incre\u00edble lo que generan estas charlas en el p\u00fablico, en cada una de ellas podemos detectar distintas situaciones que se presentan. Al finalizarlas, las personas se acercan a manifestar&nbsp;distintas situaciones problem\u00e1ticas por las que atraviesan, muchas que quiz\u00e1s llevan a\u00f1os silenciando, como situaciones conflictivas intrafamiliar,&nbsp;para lo que la Subsecretar\u00eda ya cuenta con un equipo de t\u00e9cnicos que se ocupan de brindar el asesoramiento correspondiente, y la gu\u00eda o la derivaci\u00f3n adecuada para cada caso. Luego hay un un seguimiento de cada caso\u201d, coment\u00f3 la subsecretaria del mencionado \u00e1rea, Gabriela Castro.<\/p>\n\n\n\n<p>Adem\u00e1s, tambi\u00e9n se realiz\u00f3 una charla motivacional con ni\u00f1os, denominada \u201cVos sos un superh\u00e9roe\u201d, donde se compartieron juegos did\u00e1cticos, chocolate, galletitas, peloteros y l\u00e1pices de colores para los mismos, donde expresaron su arte en dibujos.<\/p>\n","protected":false},"excerpt":{"rendered":"<p>El pasado jueves, el Ministerio de Desarrollo Social realiz\u00f3 una visita al Barrio Laguna Brava donde se llev\u00f3 a cabo la capacitaci\u00f3n denominada \u201cVos s\u00ed podes\u201d. El Programa es implementado&hellip; <\/p>\n","protected":false},"author":4,"featured_media":62042,"comment_status":"closed","ping_status":"open","sticky":false,"template":"","format":"standard","meta":{"footnotes":""},"categories":[17],"tags":[],"class_list":["post-62040","post","type-post","status-publish","format-standard","has-post-thumbnail","hentry","category-sociales"],"_links":{"self":[{"href":"https:\/\/corrientesdetarde.com\/index.php\/wp-json\/wp\/v2\/posts\/62040","targetHints":{"allow":["GET"]}}],"collection":[{"href":"https:\/\/corrientesdetarde.com\/index.php\/wp-json\/wp\/v2\/posts"}],"about":[{"href":"https:\/\/corrientesdetarde.com\/index.php\/wp-json\/wp\/v2\/types\/post"}],"author":[{"embeddable":true,"href":"https:\/\/corrientesdetarde.com\/index.php\/wp-json\/wp\/v2\/users\/4"}],"replies":[{"embeddable":true,"href":"https:\/\/corrientesdetarde.com\/index.php\/wp-json\/wp\/v2\/comments?post=62040"}],"version-history":[{"count":1,"href":"https:\/\/corrientesdetarde.com\/index.php\/wp-json\/wp\/v2\/posts\/62040\/revisions"}],"predecessor-version":[{"id":62043,"href":"https:\/\/corrientesdetarde.com\/index.php\/wp-json\/wp\/v2\/posts\/62040\/revisions\/62043"}],"wp:featuredmedia":[{"embeddable":true,"href":"https:\/\/corrientesdetarde.com\/index.php\/wp-json\/wp\/v2\/media\/62042"}],"wp:attachment":[{"href":"https:\/\/corrientesdetarde.com\/index.php\/wp-json\/wp\/v2\/media?parent=62040"}],"wp:term":[{"taxonomy":"category","embeddable":true,"href":"https:\/\/corrientesdetarde.com\/index.php\/wp-json\/wp\/v2\/categories?post=62040"},{"taxonomy":"post_tag","embeddable":true,"href":"https:\/\/corrientesdetarde.com\/index.php\/wp-json\/wp\/v2\/tags?post=62040"}],"curies":[{"name":"wp","href":"https:\/\/api.w.org\/{rel}","templated":true}]}}