{"id":62279,"date":"2023-05-22T11:58:49","date_gmt":"2023-05-22T14:58:49","guid":{"rendered":"https:\/\/corrientesdetarde.com\/?p=62279"},"modified":"2023-05-22T11:58:51","modified_gmt":"2023-05-22T14:58:51","slug":"quien-es-el-cineasta-romain-gavras-el-nuevo-novio-de-dua-lipa","status":"publish","type":"post","link":"https:\/\/corrientesdetarde.com\/index.php\/espectaculos\/quien-es-el-cineasta-romain-gavras-el-nuevo-novio-de-dua-lipa\/","title":{"rendered":"\u00bfQui\u00e9n es el cineasta Romain Gavras, el nuevo novio de Dua Lipa?"},"content":{"rendered":"\n<p>La cantante brit\u00e1nica sorprendi\u00f3 al aparecer de la mano de su nueva pareja, un reconocido cineasta de 41 a\u00f1os con el que derroch\u00f3 amor en la alfombra roja del Festival de Cannes.<\/p>\n\n\n\n<p>Cannes, la ciudad francesa, se volvi\u00f3 el punto de uni\u00f3n de las celebridades m\u00e1s destacadas para la 76\u00b0 edici\u00f3n del Festival de Cannes.<\/p>\n\n\n\n<p>Fuera de las pel\u00edculas, un detalle que no pudo escapar de las miradas fue\u00a0<strong>el debut oficial en la alfombra roja de\u00a0Dua Lipa con su nuevo novio, el cineasta\u00a0Romain Gavras,\u00a0quien es tambi\u00e9n hijo del director de cine greco-franc\u00e9s\u00a0Konstantinos Gavras<\/strong>. El creativo ha forjado su propio camino y recientemente dirigi\u00f3 el thriller de acci\u00f3n\u00a0Athena, disponible en Netflix.<\/p>\n\n\n\n<p>En la jornada del 19 de mayo del festival,&nbsp;Dua Lipa llam\u00f3 la atenci\u00f3n. Tras meses de rumores, oficializ\u00f3 su relaci\u00f3n con el aclamado director. Mientras vest\u00eda un vestido asim\u00e9trico del dise\u00f1ador Hedi Slimane, de la marca Celine, hicieron juntos la confirmaci\u00f3n. Al evento, llegaron de la mano y&nbsp;\u00e9l la tom\u00f3 por la cintura mientras posaban para las fotos.<\/p>\n\n\n\n<p><strong>Con su aparici\u00f3n, la artista brit\u00e1nica de 27 a\u00f1os estuvo entre las principales tendencias en redes sociales, sobre todo por qui\u00e9nes hac\u00edan la inevitable pregunta: \u201c\u00bfQui\u00e9n es el novio de Dua Lipa?\u201d<\/strong><\/p>\n\n\n\n<p>La nueva pareja eligi\u00f3 el estreno de&nbsp;Omar la Fraise,&nbsp;una pel\u00edcula de Elias Belkeddar, quien es compa\u00f1ero de trabajo de Gavras, de origen franc\u00e9s y tambi\u00e9n de 41 a\u00f1os.&nbsp;<strong>Los rumores de noviazgo entre ambos comenzaron meses atr\u00e1s,&nbsp;cuando fueron vistos mientras dejaban una fiesta, tomados de la mano.<\/strong>&nbsp;Otro de sus encuentros fue en la Semana de la Moda de Par\u00eds, donde salieron juntos del desfile de Saint Laurent.<\/p>\n\n\n\n<p>En ese momento, una persona cercana le dijo al diario&nbsp;The Sun&nbsp;que los dos hab\u00edan estado \u201cconoci\u00e9ndose en silencio durante meses\u201d. \u201cLa pareja conoci\u00f3 a sus c\u00edrculos m\u00e1s cercanos durante el per\u00edodo festivo y tienen mucho en com\u00fan\u201d, agreg\u00f3 la fuente, quien destac\u00f3 lo crucial que era que ambos pertenecieran al medio.<\/p>\n\n\n\n<p>\u201c<strong>Dua sabe lo importante que es encontrar a alguien que entienda su industria. Ella siente que Romain la entiende perfectamente. Ambas son personas muy creativas<\/strong>\u201d. Esta nueva apuesta en el amor de la int\u00e9rprete de \u201cNew Rules\u201d ocurre despu\u00e9s de su separaci\u00f3n del modelo y dise\u00f1ador de joyas Anwar Hadid en 2021.<\/p>\n\n\n\n<figure class=\"wp-block-image\"><a href=\"https:\/\/www.radiosudamericana.com\/notix\/multimedia\/imagenes\/fotos\/2023-05-21\/580546.jpg\"><img decoding=\"async\" src=\"https:\/\/www.radiosudamericana.com\/notix\/multimedia\/imagenes\/fotos\/2023-05-21\/580546.jpg_nota.jpg\" alt=\"\"\/><\/a><\/figure>\n\n\n\n<p>Gavras no es ajeno a las alfombras rojas ni a los reflectores.&nbsp;<strong>En su trayectora, ha hecho incursiones en videoclips, como \u201cBad Girls\u201d, de&nbsp;M.I.A., y \u201cNo Church in the Wild\u201d, de&nbsp;Jay-Z, Kanye West y Frank Ocean<\/strong>, que lo llev\u00f3 a ser nominado a los Grammy en la categor\u00eda de Mejor Video Musical Corto. Tambi\u00e9n estuvo detr\u00e1s de \u201cNothing Breaks Like a Heart\u201d, de&nbsp;Mark Ronson y Miley Cyrus.<\/p>\n\n\n\n<p>Su visi\u00f3n tambi\u00e9n fue parte de campa\u00f1as publicitarias, como&nbsp;Coeur Battant&nbsp;de Louis Vuitton, de acuerdo con su p\u00e1gina de&nbsp;IMDb. Si bien en los \u00faltimos a\u00f1os se concentr\u00f3 m\u00e1s en largometrajes en franc\u00e9s. Su \u00faltima pel\u00edcula, Athena, de 2022, compiti\u00f3 en el Festival Internacional de Cine de Venecia.<\/p>\n\n\n\n<p><strong>El talento art\u00edstico de Romain Gavras es hereditario, dado que su padre es el reconocido director&nbsp;Costa-Gavras<\/strong>.&nbsp;Precisamente \u00e9l fue su gran ejemplo. \u201cVe\u00eda a Tarkovsky desde muy joven. Todas sus obras maestras. Mi padre me lo empez\u00f3 a ense\u00f1ar a los siete a\u00f1os\u201d, declar\u00f3 el cineasta para&nbsp;The Guardian.&nbsp;Su madre, Michele Ray, es productora y periodista.<\/p>\n\n\n\n<h2 class=\"wp-block-heading\"><strong>Ex de Rita Ora<\/strong><\/h2>\n\n\n\n<p><strong>Gavras tambi\u00e9n ha estado relacionado con la industria del espect\u00e1culo a trav\u00e9s de sus exparejas<\/strong>. Anteriormente sali\u00f3 con Rita Ora, con la que sostuvo una relaci\u00f3n de seis meses antes de separarse definitivamente en 2021, consign\u00f3 el medio brit\u00e1nico&nbsp;Daily Mail.<\/p>\n","protected":false},"excerpt":{"rendered":"<p>La cantante brit\u00e1nica sorprendi\u00f3 al aparecer de la mano de su nueva pareja, un reconocido cineasta de 41 a\u00f1os con el que derroch\u00f3 amor en la alfombra roja del Festival&hellip; <\/p>\n","protected":false},"author":4,"featured_media":62340,"comment_status":"closed","ping_status":"open","sticky":false,"template":"","format":"standard","meta":{"footnotes":""},"categories":[19],"tags":[],"class_list":["post-62279","post","type-post","status-publish","format-standard","has-post-thumbnail","hentry","category-espectaculos"],"_links":{"self":[{"href":"https:\/\/corrientesdetarde.com\/index.php\/wp-json\/wp\/v2\/posts\/62279","targetHints":{"allow":["GET"]}}],"collection":[{"href":"https:\/\/corrientesdetarde.com\/index.php\/wp-json\/wp\/v2\/posts"}],"about":[{"href":"https:\/\/corrientesdetarde.com\/index.php\/wp-json\/wp\/v2\/types\/post"}],"author":[{"embeddable":true,"href":"https:\/\/corrientesdetarde.com\/index.php\/wp-json\/wp\/v2\/users\/4"}],"replies":[{"embeddable":true,"href":"https:\/\/corrientesdetarde.com\/index.php\/wp-json\/wp\/v2\/comments?post=62279"}],"version-history":[{"count":1,"href":"https:\/\/corrientesdetarde.com\/index.php\/wp-json\/wp\/v2\/posts\/62279\/revisions"}],"predecessor-version":[{"id":62342,"href":"https:\/\/corrientesdetarde.com\/index.php\/wp-json\/wp\/v2\/posts\/62279\/revisions\/62342"}],"wp:featuredmedia":[{"embeddable":true,"href":"https:\/\/corrientesdetarde.com\/index.php\/wp-json\/wp\/v2\/media\/62340"}],"wp:attachment":[{"href":"https:\/\/corrientesdetarde.com\/index.php\/wp-json\/wp\/v2\/media?parent=62279"}],"wp:term":[{"taxonomy":"category","embeddable":true,"href":"https:\/\/corrientesdetarde.com\/index.php\/wp-json\/wp\/v2\/categories?post=62279"},{"taxonomy":"post_tag","embeddable":true,"href":"https:\/\/corrientesdetarde.com\/index.php\/wp-json\/wp\/v2\/tags?post=62279"}],"curies":[{"name":"wp","href":"https:\/\/api.w.org\/{rel}","templated":true}]}}