{"id":62337,"date":"2023-05-22T11:58:41","date_gmt":"2023-05-22T14:58:41","guid":{"rendered":"https:\/\/corrientesdetarde.com\/?p=62337"},"modified":"2023-05-22T11:58:44","modified_gmt":"2023-05-22T14:58:44","slug":"cronograma-de-venta-de-garrafa-social-9","status":"publish","type":"post","link":"https:\/\/corrientesdetarde.com\/index.php\/sociales\/cronograma-de-venta-de-garrafa-social-9\/","title":{"rendered":"Cronograma de venta de garrafa social"},"content":{"rendered":"\n<p>El Ministerio Desarrollo Social informa el cronograma de venta de la Garrafa Social que se desarrollar\u00e1 el martes 23 y mi\u00e9rcoles 24 en los barrios Santa Mar\u00eda y Ba\u00f1ado Norte .<\/p>\n\n\n\n<p>La actividad es realizada por la Subsecretar\u00eda de Desarrollo Humano e Igualdad a cargo de Gabriela Castro dependiente del Ministerio.<\/p>\n\n\n\n<p>En lo que hace al cronograma el martes 23 de 10 a 11 en el B\u00b0 Santa Mar\u00eda en la zona de R\u00edo Limay y Triunvirato (Plaza Los Constituyentes) y el mi\u00e9rcoles 24 de 9:30 a 11 en el B\u00b0 Ba\u00f1ado Norte en las inmediaciones de Colombia al 100.<\/p>\n\n\n\n<p>Cabe destacar que la garrafa de 10 kg tiene un valor de $ 1800<\/p>\n","protected":false},"excerpt":{"rendered":"<p>El Ministerio Desarrollo Social informa el cronograma de venta de la Garrafa Social que se desarrollar\u00e1 el martes 23 y mi\u00e9rcoles 24 en los barrios Santa Mar\u00eda y Ba\u00f1ado Norte&hellip; <\/p>\n","protected":false},"author":4,"featured_media":62339,"comment_status":"closed","ping_status":"open","sticky":false,"template":"","format":"standard","meta":{"footnotes":""},"categories":[20,17],"tags":[],"class_list":["post-62337","post","type-post","status-publish","format-standard","has-post-thumbnail","hentry","category-economia","category-sociales"],"_links":{"self":[{"href":"https:\/\/corrientesdetarde.com\/index.php\/wp-json\/wp\/v2\/posts\/62337","targetHints":{"allow":["GET"]}}],"collection":[{"href":"https:\/\/corrientesdetarde.com\/index.php\/wp-json\/wp\/v2\/posts"}],"about":[{"href":"https:\/\/corrientesdetarde.com\/index.php\/wp-json\/wp\/v2\/types\/post"}],"author":[{"embeddable":true,"href":"https:\/\/corrientesdetarde.com\/index.php\/wp-json\/wp\/v2\/users\/4"}],"replies":[{"embeddable":true,"href":"https:\/\/corrientesdetarde.com\/index.php\/wp-json\/wp\/v2\/comments?post=62337"}],"version-history":[{"count":1,"href":"https:\/\/corrientesdetarde.com\/index.php\/wp-json\/wp\/v2\/posts\/62337\/revisions"}],"predecessor-version":[{"id":62341,"href":"https:\/\/corrientesdetarde.com\/index.php\/wp-json\/wp\/v2\/posts\/62337\/revisions\/62341"}],"wp:featuredmedia":[{"embeddable":true,"href":"https:\/\/corrientesdetarde.com\/index.php\/wp-json\/wp\/v2\/media\/62339"}],"wp:attachment":[{"href":"https:\/\/corrientesdetarde.com\/index.php\/wp-json\/wp\/v2\/media?parent=62337"}],"wp:term":[{"taxonomy":"category","embeddable":true,"href":"https:\/\/corrientesdetarde.com\/index.php\/wp-json\/wp\/v2\/categories?post=62337"},{"taxonomy":"post_tag","embeddable":true,"href":"https:\/\/corrientesdetarde.com\/index.php\/wp-json\/wp\/v2\/tags?post=62337"}],"curies":[{"name":"wp","href":"https:\/\/api.w.org\/{rel}","templated":true}]}}