{"id":62343,"date":"2023-05-22T13:23:11","date_gmt":"2023-05-22T16:23:11","guid":{"rendered":"https:\/\/corrientesdetarde.com\/?p=62343"},"modified":"2023-05-22T13:23:18","modified_gmt":"2023-05-22T16:23:18","slug":"el-rio-parana-continuara-en-rango-de-aguas-medias","status":"publish","type":"post","link":"https:\/\/corrientesdetarde.com\/index.php\/informacion-general\/el-rio-parana-continuara-en-rango-de-aguas-medias\/","title":{"rendered":"El r\u00edo Paran\u00e1 continuar\u00e1 en rango de aguas medias"},"content":{"rendered":"\n<p>El informe semanal del Instituto Nacional del Agua, publicado por el Instituto Correntino del Agua y del Ambiente (ICAA) en su sitio web&nbsp;<a href=\"https:\/\/4ue34.r.a.d.sendibm1.com\/mk\/cl\/f\/yxATgcsPquW9mQ99s20G6HXgjstr2hozkHYbmea8l00MAZJxHWkFuvhvDrrUzOo4IOfpQj8Tt1De_hWf0cbsCZMnosSD_oET4Zqw316cehPiqWCVeudTZn1ZscVHqIl1hBviHm0y6memjTNuJQwunKH8XkNZnoyFOpgxf5LQXa-3kuf1OkUO6PMAxIk5AvF4XydVivHDFhOsxiQg9EEoEWqQAMqSOj4yylDyTOl5f2buYSIVEXdubWvK1oxUOt2t3lUJrR9b3RcDJrAGdLk4LceXh1Z2cUEMpzKa3OK7Nf1zbCxkZLIQmYds8O8Ni-Vw_BA17aX7iPodo1AhWpl7AM39RzVavqaHw2GdHwZUnNSnX01RK6Q\" target=\"_blank\" rel=\"noreferrer noopener\">www.icaa.gov.ar<\/a>, se\u00f1al\u00f3 que los promedios semanales del r\u00edo Paran\u00e1, fueron 3,15 metros, tanto en Corrientes como en Barranqueras, con descensos semanales de 0,90 metros y 0,89 metros, respectivamente.<\/p>\n\n\n\n<p>Dada la perspectiva meteorol\u00f3gica y clim\u00e1tica actual, la evoluci\u00f3n esperable es de niveles mayormente en la franja a oscilaci\u00f3n normal o de aguas medias, con eventuales descensos a aguas bajas moderadas.<\/p>\n\n\n\n<p>El caudal entrante al embalse de Yacyret\u00e1 promedi\u00f3 10.100 metros c\u00fabicos por segundo (16% de disminuci\u00f3n semanal). La descarga promedio 9.990 metros c\u00fabicos por segundo (19% menos). El promedio semanal resulta 8% superior al correspondiente promedio de la misma semana en 2022. Se observar\u00eda una leve tendencia descendente.<\/p>\n\n\n\n<p>En mayo el promedio mensual en Corrientes ser\u00eda de 3,50 metros, levemente por debajo del valor medio del per\u00edodo 1998-2022. Adem\u00e1s, resultar\u00eda 1,27 metros superior al promedio observado en el mismo mes en 2022.<\/p>\n\n\n\n<p>El caudal entrante al tramo argentino del r\u00edo se estim\u00f3 el 21 de mayo en el orden de 16.200 metros c\u00fabicos por segundo, con tendencia leve descendente. Los niveles en el tramo registraron una marcada tendencia descendente, que se terminar\u00e1 de propagar en la pr\u00f3xima semana.<\/p>\n\n\n\n<p>Los niveles se mantienen en la franja de aguas medias, acerc\u00e1ndose al l\u00edmite inferior de la misma. En Goya el nivel registr\u00f3 el 21 de mayo 3,00 metros (importante descenso semanal de 0,90 m). Promedio semanal: 3,43 metros (0,71 metros de descenso promedio semanal). Promediar\u00eda en mayo 3,60 metros (0,30 m por debajo del promedio mensual desde 1998).<\/p>\n\n\n\n<p>En la cuenca media del r\u00edo Uruguay el aporte en ruta al tramo medio se encuentra en disminuci\u00f3n. La onda de repunte termin\u00f3 su propagaci\u00f3n en la semana y ya predomina una leve tendencia descendente. En Paso de los Libres el nivel descendi\u00f3 del pico de 4,79 metros el 13 de mayo a 2,18 metros el 21 de mayo. Los niveles continuaran fluctuando en aguas medias. El caudal en esa secci\u00f3n del r\u00edo promedio en la semana 3.450 metros c\u00fabicos por segundo (30% de disminuci\u00f3n).&nbsp;<\/p>\n\n\n\n<figure class=\"wp-block-image size-full\"><img loading=\"lazy\" decoding=\"async\" width=\"311\" height=\"312\" src=\"https:\/\/corrientesdetarde.com\/wp-content\/uploads\/2023\/05\/image-606.png\" alt=\"\" class=\"wp-image-62344\" srcset=\"https:\/\/corrientesdetarde.com\/wp-content\/uploads\/2023\/05\/image-606.png 311w, https:\/\/corrientesdetarde.com\/wp-content\/uploads\/2023\/05\/image-606-300x300.png 300w, https:\/\/corrientesdetarde.com\/wp-content\/uploads\/2023\/05\/image-606-150x150.png 150w\" sizes=\"auto, (max-width: 311px) 100vw, 311px\" \/><\/figure>\n","protected":false},"excerpt":{"rendered":"<p>El informe semanal del Instituto Nacional del Agua, publicado por el Instituto Correntino del Agua y del Ambiente (ICAA) en su sitio web&nbsp;www.icaa.gov.ar, se\u00f1al\u00f3 que los promedios semanales del r\u00edo&hellip; <\/p>\n","protected":false},"author":8,"featured_media":62345,"comment_status":"closed","ping_status":"open","sticky":false,"template":"","format":"standard","meta":{"footnotes":""},"categories":[1],"tags":[],"class_list":["post-62343","post","type-post","status-publish","format-standard","has-post-thumbnail","hentry","category-informacion-general"],"_links":{"self":[{"href":"https:\/\/corrientesdetarde.com\/index.php\/wp-json\/wp\/v2\/posts\/62343","targetHints":{"allow":["GET"]}}],"collection":[{"href":"https:\/\/corrientesdetarde.com\/index.php\/wp-json\/wp\/v2\/posts"}],"about":[{"href":"https:\/\/corrientesdetarde.com\/index.php\/wp-json\/wp\/v2\/types\/post"}],"author":[{"embeddable":true,"href":"https:\/\/corrientesdetarde.com\/index.php\/wp-json\/wp\/v2\/users\/8"}],"replies":[{"embeddable":true,"href":"https:\/\/corrientesdetarde.com\/index.php\/wp-json\/wp\/v2\/comments?post=62343"}],"version-history":[{"count":1,"href":"https:\/\/corrientesdetarde.com\/index.php\/wp-json\/wp\/v2\/posts\/62343\/revisions"}],"predecessor-version":[{"id":62346,"href":"https:\/\/corrientesdetarde.com\/index.php\/wp-json\/wp\/v2\/posts\/62343\/revisions\/62346"}],"wp:featuredmedia":[{"embeddable":true,"href":"https:\/\/corrientesdetarde.com\/index.php\/wp-json\/wp\/v2\/media\/62345"}],"wp:attachment":[{"href":"https:\/\/corrientesdetarde.com\/index.php\/wp-json\/wp\/v2\/media?parent=62343"}],"wp:term":[{"taxonomy":"category","embeddable":true,"href":"https:\/\/corrientesdetarde.com\/index.php\/wp-json\/wp\/v2\/categories?post=62343"},{"taxonomy":"post_tag","embeddable":true,"href":"https:\/\/corrientesdetarde.com\/index.php\/wp-json\/wp\/v2\/tags?post=62343"}],"curies":[{"name":"wp","href":"https:\/\/api.w.org\/{rel}","templated":true}]}}