{"id":62347,"date":"2023-05-22T13:26:30","date_gmt":"2023-05-22T16:26:30","guid":{"rendered":"https:\/\/corrientesdetarde.com\/?p=62347"},"modified":"2023-05-22T13:26:35","modified_gmt":"2023-05-22T16:26:35","slug":"con-la-opera-aida-el-teatro-vera-celebrara-sus-110-anos","status":"publish","type":"post","link":"https:\/\/corrientesdetarde.com\/index.php\/cultura\/con-la-opera-aida-el-teatro-vera-celebrara-sus-110-anos\/","title":{"rendered":"Con la \u00f3pera Aida, el Teatro Vera celebrar\u00e1 sus 110 a\u00f1os"},"content":{"rendered":"\n<p>La funci\u00f3n ser\u00e1 este mi\u00e9rcoles 24 de mayo, a las 20, con acceso libre y gratuito. Con sillas en la calle y teniendo la fachada como monumental escenograf\u00eda, se repondr\u00e1n fragmentos significativos de la \u00f3pera Aida, de Giuseppe Verdi, con la que se inaugurase el m\u00edtico edificio en 1913.<\/p>\n\n\n\n<p>El pr\u00f3ximo 25 de mayo, se cumplir\u00e1n 110 a\u00f1os de la apertura del coliseo mayor del Nordeste, uno de los m\u00e1s destacados de la Argentina declarado Monumento Hist\u00f3rico Nacional.&nbsp;<\/p>\n\n\n\n<p>La celebraci\u00f3n tendr\u00e1 como art\u00edstica excepcional la reposici\u00f3n de fragmentos de la \u00d3pera Aida del gran compositor italiano Giuseppe Verdi, rescatando sus arias m\u00e1s notables y teniendo la fachada del teatro como monumental escenograf\u00eda.&nbsp;<\/p>\n\n\n\n<p>El p\u00fablico podr\u00e1 acceder gratuitamente, a partir de las 19.00 y ocupar las sillas destinadas al efecto, solamente hasta completar el espacio habilitado frente a la fachada del Teatro, por lo cual se recomienda asistir con anticipaci\u00f3n.&nbsp;<\/p>\n\n\n\n<p>La producci\u00f3n integral, a cargo del Instituto de Cultura de la Provincia de Corrientes, a trav\u00e9s de su Direcci\u00f3n de las Artes Esc\u00e9nicas (DAEMAA), contar\u00e1 con la participaci\u00f3n de la Orquesta Sinf\u00f3nica de la Provincia de Corrientes, dirigida por la maestra Andrea Fusco, y la intervenci\u00f3n de destacados cantantes l\u00edricos de la regi\u00f3n (Anal\u00eda Estigarribia, M\u00f3nica Oliviera Fiedler, Pietrina Catapano, Mar\u00eda Griselda Copani, Mar\u00eda Eugenia Hern\u00e1ndez, Macarena L\u00f3pez Leyes, Silvina Leyes Pedrozo, Jer\u00f3nimo Vargas G\u00f3mez, Sergio Casco, Herman Juli, Arturo Dar\u00edo Estepa, Pablo Posanzini, Francisco Malvido y Lisandro Palomo), pianistas acompa\u00f1antes (Gustavo G\u00f3mez Nardo y Eduardo Rodr\u00edguez Hiroz), en vestuario&nbsp;Mariela Daga,&nbsp;bajo la direcci\u00f3n de escena del maestro Boris Laures, y&nbsp;la t\u00e9cnica esc\u00e9nica coordinada desde la producci\u00f3n del Teatro Vera.&nbsp;<\/p>\n\n\n\n<p>Con esta funci\u00f3n, el Instituto de Cultura da inicio tambi\u00e9n a la celebraci\u00f3n de la Semana de Italia.&nbsp;<\/p>\n\n\n\n<p><strong>Or\u00edgenes<\/strong><\/p>\n\n\n\n<p>Aquella emblem\u00e1tica inauguraci\u00f3n, a principios del siglo XX, fue posible gracias a la fervorosa solicitud de la comunidad de la \u00e9poca, y la intervenci\u00f3n del empresario italiano Carlos Mar\u00eda Dodero que financi\u00f3 su construcci\u00f3n. El proyecto del arquitecto Atilio Locatti, modificado en obra por el arquitecto Carlos Milanesse, con la direcci\u00f3n de Antonio Samela.&nbsp;C. M. Dodero, tambi\u00e9n acompa\u00f1\u00f3 otros importantes desarrollos de la regi\u00f3n (Corrientes-Chaco), entre ellos el ferroviario.<\/p>\n\n\n\n<figure class=\"wp-block-image size-full\"><img loading=\"lazy\" decoding=\"async\" width=\"690\" height=\"690\" src=\"https:\/\/corrientesdetarde.com\/wp-content\/uploads\/2023\/05\/image-607.png\" alt=\"\" class=\"wp-image-62348\" srcset=\"https:\/\/corrientesdetarde.com\/wp-content\/uploads\/2023\/05\/image-607.png 690w, https:\/\/corrientesdetarde.com\/wp-content\/uploads\/2023\/05\/image-607-300x300.png 300w, https:\/\/corrientesdetarde.com\/wp-content\/uploads\/2023\/05\/image-607-150x150.png 150w, https:\/\/corrientesdetarde.com\/wp-content\/uploads\/2023\/05\/image-607-375x375.png 375w\" sizes=\"auto, (max-width: 690px) 100vw, 690px\" \/><\/figure>\n","protected":false},"excerpt":{"rendered":"<p>La funci\u00f3n ser\u00e1 este mi\u00e9rcoles 24 de mayo, a las 20, con acceso libre y gratuito. Con sillas en la calle y teniendo la fachada como monumental escenograf\u00eda, se repondr\u00e1n&hellip; <\/p>\n","protected":false},"author":8,"featured_media":62349,"comment_status":"closed","ping_status":"open","sticky":false,"template":"","format":"standard","meta":{"footnotes":""},"categories":[15],"tags":[],"class_list":["post-62347","post","type-post","status-publish","format-standard","has-post-thumbnail","hentry","category-cultura"],"_links":{"self":[{"href":"https:\/\/corrientesdetarde.com\/index.php\/wp-json\/wp\/v2\/posts\/62347","targetHints":{"allow":["GET"]}}],"collection":[{"href":"https:\/\/corrientesdetarde.com\/index.php\/wp-json\/wp\/v2\/posts"}],"about":[{"href":"https:\/\/corrientesdetarde.com\/index.php\/wp-json\/wp\/v2\/types\/post"}],"author":[{"embeddable":true,"href":"https:\/\/corrientesdetarde.com\/index.php\/wp-json\/wp\/v2\/users\/8"}],"replies":[{"embeddable":true,"href":"https:\/\/corrientesdetarde.com\/index.php\/wp-json\/wp\/v2\/comments?post=62347"}],"version-history":[{"count":1,"href":"https:\/\/corrientesdetarde.com\/index.php\/wp-json\/wp\/v2\/posts\/62347\/revisions"}],"predecessor-version":[{"id":62350,"href":"https:\/\/corrientesdetarde.com\/index.php\/wp-json\/wp\/v2\/posts\/62347\/revisions\/62350"}],"wp:featuredmedia":[{"embeddable":true,"href":"https:\/\/corrientesdetarde.com\/index.php\/wp-json\/wp\/v2\/media\/62349"}],"wp:attachment":[{"href":"https:\/\/corrientesdetarde.com\/index.php\/wp-json\/wp\/v2\/media?parent=62347"}],"wp:term":[{"taxonomy":"category","embeddable":true,"href":"https:\/\/corrientesdetarde.com\/index.php\/wp-json\/wp\/v2\/categories?post=62347"},{"taxonomy":"post_tag","embeddable":true,"href":"https:\/\/corrientesdetarde.com\/index.php\/wp-json\/wp\/v2\/tags?post=62347"}],"curies":[{"name":"wp","href":"https:\/\/api.w.org\/{rel}","templated":true}]}}