{"id":62574,"date":"2023-05-23T11:57:24","date_gmt":"2023-05-23T14:57:24","guid":{"rendered":"https:\/\/corrientesdetarde.com\/?p=62574"},"modified":"2023-05-23T11:57:46","modified_gmt":"2023-05-23T14:57:46","slug":"siete-detenidos-por-el-escandalo-de-racismo-en-el-futbol-espanol","status":"publish","type":"post","link":"https:\/\/corrientesdetarde.com\/index.php\/deportes\/siete-detenidos-por-el-escandalo-de-racismo-en-el-futbol-espanol\/","title":{"rendered":"Siete detenidos por el esc\u00e1ndalo de racismo en el f\u00fatbol espa\u00f1ol"},"content":{"rendered":"\n<p>Se abri\u00f3 una investigaci\u00f3n por delito de odio tras los insultos contra Vinicius Jr, extremo brasilero que juega en el Real Madrid.<\/p>\n\n\n\n<p><strong>La polic\u00eda espa\u00f1ola detuvo hoy a siete hombres por presuntos incidentes racistas contra\u00a0Vinicius Jr, futbolista del Real Madrid<\/strong>, mientras la principal liga de f\u00fatbol espa\u00f1ola instaba a modificar la legislaci\u00f3n del pa\u00eds con el fin de poder tomar medidas que frenen el racismo en los estadios.<\/p>\n\n\n\n<p>El entrenador del Real Madrid,&nbsp;<strong>Carlo Ancelott<\/strong>i, expres\u00f3 su apoyo a Vinicius Jr, de quien espera que siga en el club.<\/p>\n\n\n\n<p><strong>Ancelotti arremeti\u00f3 contra los &#8220;obsoletos&#8221; protocolos espa\u00f1oles para hacer frente al racismo en el deporte<\/strong>&nbsp;y afirm\u00f3 que se plantear\u00eda retirar a sus jugadores del terreno de juego si volv\u00edan a ser agredidos durante un partido.<\/p>\n\n\n\n<p><strong>Se abri\u00f3 una investigaci\u00f3n por delito de odio despu\u00e9s de que un mu\u00f1eco inflable vestido con la camiseta n\u00famero 20 del extremo Vin\u00edcius Jr fuera colgada de un puente frente al campo de entrenamiento del Real Madrid<\/strong>, el equipo del jugador, junto con una pancarta de 16 metros con los colores del equipo rival, Atl\u00e9tico de Madrid, en la que se le\u00eda &#8220;Madrid odia al Real&#8221;.<\/p>\n\n\n\n<p>La polic\u00eda inform\u00f3 la detenci\u00f3n de cuatro hombres en Madrid, tres de los cuales pertenec\u00edan a &#8220;un grupo radical de aficionados de un club madrile\u00f1o&#8221;, que ya hab\u00edan sido se\u00f1alados durante los partidos como &#8220;de alto riesgo&#8221; para ayudar a frenar la violencia.<\/p>\n\n\n\n<p><strong>Tres hombres tambi\u00e9n fueron arrestados en\u00a0Valencia\u00a0por conducta racista dirigida a Vinicius en un partido entre ese equipo y el Real Madrid.<\/strong><\/p>\n\n\n\n<p>Las detenciones se produjeron un d\u00eda despu\u00e9s de que el presidente de la Real Federaci\u00f3n Espa\u00f1ola de F\u00fatbol (RFEF),&nbsp;<strong>Luis Rubiales<\/strong>, afirmara que el f\u00fatbol espa\u00f1ol tiene un problema de racismo, a ra\u00edz de la denuncia por delito racial presentada por el Real Madrid.<\/p>\n\n\n\n<p>Despu\u00e9s de los insultos dirigidos a Vinicius Jr, calific\u00f3 en una publicaci\u00f3n en redes sociales el abuso racista de &#8220;inhumano&#8221; y pidi\u00f3 a los patrocinadores y a los organismos de radiodifusi\u00f3n que responsabilizaran a LaLiga.<\/p>\n","protected":false},"excerpt":{"rendered":"<p>Se abri\u00f3 una investigaci\u00f3n por delito de odio tras los insultos contra Vinicius Jr, extremo brasilero que juega en el Real Madrid. La polic\u00eda espa\u00f1ola detuvo hoy a siete hombres&hellip; <\/p>\n","protected":false},"author":4,"featured_media":62584,"comment_status":"closed","ping_status":"open","sticky":false,"template":"","format":"standard","meta":{"footnotes":""},"categories":[4],"tags":[],"class_list":["post-62574","post","type-post","status-publish","format-standard","has-post-thumbnail","hentry","category-deportes"],"_links":{"self":[{"href":"https:\/\/corrientesdetarde.com\/index.php\/wp-json\/wp\/v2\/posts\/62574","targetHints":{"allow":["GET"]}}],"collection":[{"href":"https:\/\/corrientesdetarde.com\/index.php\/wp-json\/wp\/v2\/posts"}],"about":[{"href":"https:\/\/corrientesdetarde.com\/index.php\/wp-json\/wp\/v2\/types\/post"}],"author":[{"embeddable":true,"href":"https:\/\/corrientesdetarde.com\/index.php\/wp-json\/wp\/v2\/users\/4"}],"replies":[{"embeddable":true,"href":"https:\/\/corrientesdetarde.com\/index.php\/wp-json\/wp\/v2\/comments?post=62574"}],"version-history":[{"count":1,"href":"https:\/\/corrientesdetarde.com\/index.php\/wp-json\/wp\/v2\/posts\/62574\/revisions"}],"predecessor-version":[{"id":62585,"href":"https:\/\/corrientesdetarde.com\/index.php\/wp-json\/wp\/v2\/posts\/62574\/revisions\/62585"}],"wp:featuredmedia":[{"embeddable":true,"href":"https:\/\/corrientesdetarde.com\/index.php\/wp-json\/wp\/v2\/media\/62584"}],"wp:attachment":[{"href":"https:\/\/corrientesdetarde.com\/index.php\/wp-json\/wp\/v2\/media?parent=62574"}],"wp:term":[{"taxonomy":"category","embeddable":true,"href":"https:\/\/corrientesdetarde.com\/index.php\/wp-json\/wp\/v2\/categories?post=62574"},{"taxonomy":"post_tag","embeddable":true,"href":"https:\/\/corrientesdetarde.com\/index.php\/wp-json\/wp\/v2\/tags?post=62574"}],"curies":[{"name":"wp","href":"https:\/\/api.w.org\/{rel}","templated":true}]}}