{"id":62579,"date":"2023-05-23T11:49:28","date_gmt":"2023-05-23T14:49:28","guid":{"rendered":"https:\/\/corrientesdetarde.com\/?p=62579"},"modified":"2023-05-23T11:49:32","modified_gmt":"2023-05-23T14:49:32","slug":"quienes-seran-los-conductores-de-los-premios-martin-fierro-2023","status":"publish","type":"post","link":"https:\/\/corrientesdetarde.com\/index.php\/espectaculos\/quienes-seran-los-conductores-de-los-premios-martin-fierro-2023\/","title":{"rendered":"\u00bfQui\u00e9nes ser\u00e1n los conductores de los Premios Mart\u00edn Fierro 2023?"},"content":{"rendered":"\n<p>Telefe quiere tener a Marley y a Susana Gim\u00e9nez. \u00bfAceptar\u00e1n?<\/p>\n\n\n\n<p>Autoridades de Telefe se juntaron con miembros de Aptra para definir qui\u00e9nes ser\u00e1n los conductores de la entrega de&nbsp;<strong>Premios Mart\u00edn Fierro 2023<\/strong>, que se realizar\u00e1 el pr\u00f3ximo 9 de julio en el Hotel Hilton.<\/p>\n\n\n\n<p>Varios nombres estuvieron circulando durante las \u00faltimas semanas. Una posibilidad era<strong>&nbsp;Santiago del Moro y Ver\u00f3nica Lozano<\/strong>, otra era&nbsp;<strong>Iv\u00e1n de Pineda y Natalia Oreiro<\/strong>&nbsp;y tambi\u00e9n se habl\u00f3 de la posibilidad de que est\u00e9n al frente los emblem\u00e1ticos conductores de&nbsp;<em>Telefe Noticias<\/em>:&nbsp;<strong>Rodofo Barilli y Cristina P\u00e9rez<\/strong>.<\/p>\n\n\n\n<p>Tambi\u00e9n se especul\u00f3 con la posibilidad de que conduzca&nbsp;<strong>Wanda Nara<\/strong>, que est\u00e1 creciendo al frente de&nbsp;<em>MasterChef<\/em>&nbsp;y que se \u201cautopostul\u00f3\u201d al mandarle un mensaje a&nbsp;<strong>Luis Ventura<\/strong>, actual presidente de Aptra, pidi\u00e9ndole que la elija as\u00ed pueden cerrar \u201cla historia de amor\u201d que comenz\u00f3 cuando ella dijo que hab\u00eda salido con Diego Maradona y empez\u00f3 a salir en la revista&nbsp;<em>Paparazzi<\/em>&nbsp;y en&nbsp;<em>Intrusos<\/em>, con la ayuda del periodista.<\/p>\n\n\n\n<p>Seg\u00fan informaron en&nbsp;<em>Intrusos<\/em>,&nbsp;<strong>quieren tener en la conducci\u00f3n a Marley y a Susana Gim\u00e9nez<\/strong>. El conductor habr\u00eda aceptado y viajar\u00eda especialmente para hacer la conducci\u00f3n porque se encuentra viviendo en Colombia, ya que est\u00e1 al frente del reality&nbsp;<em>Expedici\u00f3n Robinson<\/em>, cuyas grabaciones est\u00e1n demoradas por las constantes lluvias.<\/p>\n\n\n\n<p><strong>Susana Gim\u00e9nez s\u00f3lo participar\u00eda de la presentaci\u00f3n y entregar\u00eda algunos premios<\/strong>, pero luego le ceder\u00eda el lugar a otra conductora, aunque no tienen en claro cu\u00e1l de las mencionadas ser\u00e1 la elegida.<\/p>\n\n\n\n<figure class=\"wp-block-image\"><img decoding=\"async\" src=\"https:\/\/noticiasargentinas.com\/images\/NA\/Contenidos\/susana_y_marley.webp\" alt=\"susana_y_marley.jpg\"\/><\/figure>\n\n\n\n<p><strong>Georgina Barbarossa<\/strong>&nbsp;fue consultada sobre este tema ya que es una de las favoritas de Telefe. Conduce&nbsp;<em>A la Barbarossa<\/em>&nbsp;y&nbsp;<em>La Pe\u00f1a de Morfi<\/em>:&nbsp;<strong>\u201cMe encantar\u00eda estar nominada. Conducir no, que trabajen otros<\/strong>. La gente sino va a decir \u2018\u00bfotra vez esta mina ac\u00e1? Es una tortura\u2019\u201d.<\/p>\n\n\n\n<p>\u201cWanda lo podr\u00eda hacer brutal porque la veo en lo de la comida. Me encantan todos\u201d, afirm\u00f3 Georgina, mientras que&nbsp;<strong>Ver\u00f3nica Lozano<\/strong>&nbsp;agreg\u00f3 que a ella nunca la llamaron y tambi\u00e9n destac\u00f3 que le gusta mucho Wanda para ese rol.<\/p>\n","protected":false},"excerpt":{"rendered":"<p>Telefe quiere tener a Marley y a Susana Gim\u00e9nez. \u00bfAceptar\u00e1n? Autoridades de Telefe se juntaron con miembros de Aptra para definir qui\u00e9nes ser\u00e1n los conductores de la entrega de&nbsp;Premios Mart\u00edn&hellip; <\/p>\n","protected":false},"author":4,"featured_media":62580,"comment_status":"closed","ping_status":"open","sticky":false,"template":"","format":"standard","meta":{"footnotes":""},"categories":[19],"tags":[],"class_list":["post-62579","post","type-post","status-publish","format-standard","has-post-thumbnail","hentry","category-espectaculos"],"_links":{"self":[{"href":"https:\/\/corrientesdetarde.com\/index.php\/wp-json\/wp\/v2\/posts\/62579","targetHints":{"allow":["GET"]}}],"collection":[{"href":"https:\/\/corrientesdetarde.com\/index.php\/wp-json\/wp\/v2\/posts"}],"about":[{"href":"https:\/\/corrientesdetarde.com\/index.php\/wp-json\/wp\/v2\/types\/post"}],"author":[{"embeddable":true,"href":"https:\/\/corrientesdetarde.com\/index.php\/wp-json\/wp\/v2\/users\/4"}],"replies":[{"embeddable":true,"href":"https:\/\/corrientesdetarde.com\/index.php\/wp-json\/wp\/v2\/comments?post=62579"}],"version-history":[{"count":1,"href":"https:\/\/corrientesdetarde.com\/index.php\/wp-json\/wp\/v2\/posts\/62579\/revisions"}],"predecessor-version":[{"id":62582,"href":"https:\/\/corrientesdetarde.com\/index.php\/wp-json\/wp\/v2\/posts\/62579\/revisions\/62582"}],"wp:featuredmedia":[{"embeddable":true,"href":"https:\/\/corrientesdetarde.com\/index.php\/wp-json\/wp\/v2\/media\/62580"}],"wp:attachment":[{"href":"https:\/\/corrientesdetarde.com\/index.php\/wp-json\/wp\/v2\/media?parent=62579"}],"wp:term":[{"taxonomy":"category","embeddable":true,"href":"https:\/\/corrientesdetarde.com\/index.php\/wp-json\/wp\/v2\/categories?post=62579"},{"taxonomy":"post_tag","embeddable":true,"href":"https:\/\/corrientesdetarde.com\/index.php\/wp-json\/wp\/v2\/tags?post=62579"}],"curies":[{"name":"wp","href":"https:\/\/api.w.org\/{rel}","templated":true}]}}