{"id":62734,"date":"2023-05-23T20:35:21","date_gmt":"2023-05-23T23:35:21","guid":{"rendered":"https:\/\/corrientesdetarde.com\/?p=62734"},"modified":"2023-05-23T20:35:24","modified_gmt":"2023-05-23T23:35:24","slug":"barrio-la-vizcacha-tres-policias-heridos-en-violento-procedimiento","status":"publish","type":"post","link":"https:\/\/corrientesdetarde.com\/index.php\/policiales\/barrio-la-vizcacha-tres-policias-heridos-en-violento-procedimiento\/","title":{"rendered":"Barrio La Vizcacha: Tres polic\u00edas heridos en violento procedimiento"},"content":{"rendered":"\n<p>Una descomunal gresca termin\u00f3 con tres polic\u00edas heridos tras una persecuci\u00f3n en zona de La Vizcacha.<\/p>\n\n\n\n<p>Dos polic\u00edas persegu\u00edan a dos presuntos delincuentes, y al ingresar a un pasillo interno recibieron una lluvia de piedras que les caus\u00f3 serias heridas.<\/p>\n\n\n\n<p>Para repeler, los efectivos habr\u00edan efectuado disparos intimidatorios<\/p>\n\n\n\n<p>Un tercer polic\u00eda termin\u00f3 con fracturas al chocar con la moto cuando iba al lugar a apoyar a sus camaradas.<\/p>\n","protected":false},"excerpt":{"rendered":"<p>Una descomunal gresca termin\u00f3 con tres polic\u00edas heridos tras una persecuci\u00f3n en zona de La Vizcacha. Dos polic\u00edas persegu\u00edan a dos presuntos delincuentes, y al ingresar a un pasillo interno&hellip; <\/p>\n","protected":false},"author":1,"featured_media":62735,"comment_status":"closed","ping_status":"open","sticky":false,"template":"","format":"standard","meta":{"footnotes":""},"categories":[33],"tags":[],"class_list":["post-62734","post","type-post","status-publish","format-standard","has-post-thumbnail","hentry","category-policiales"],"_links":{"self":[{"href":"https:\/\/corrientesdetarde.com\/index.php\/wp-json\/wp\/v2\/posts\/62734","targetHints":{"allow":["GET"]}}],"collection":[{"href":"https:\/\/corrientesdetarde.com\/index.php\/wp-json\/wp\/v2\/posts"}],"about":[{"href":"https:\/\/corrientesdetarde.com\/index.php\/wp-json\/wp\/v2\/types\/post"}],"author":[{"embeddable":true,"href":"https:\/\/corrientesdetarde.com\/index.php\/wp-json\/wp\/v2\/users\/1"}],"replies":[{"embeddable":true,"href":"https:\/\/corrientesdetarde.com\/index.php\/wp-json\/wp\/v2\/comments?post=62734"}],"version-history":[{"count":1,"href":"https:\/\/corrientesdetarde.com\/index.php\/wp-json\/wp\/v2\/posts\/62734\/revisions"}],"predecessor-version":[{"id":62736,"href":"https:\/\/corrientesdetarde.com\/index.php\/wp-json\/wp\/v2\/posts\/62734\/revisions\/62736"}],"wp:featuredmedia":[{"embeddable":true,"href":"https:\/\/corrientesdetarde.com\/index.php\/wp-json\/wp\/v2\/media\/62735"}],"wp:attachment":[{"href":"https:\/\/corrientesdetarde.com\/index.php\/wp-json\/wp\/v2\/media?parent=62734"}],"wp:term":[{"taxonomy":"category","embeddable":true,"href":"https:\/\/corrientesdetarde.com\/index.php\/wp-json\/wp\/v2\/categories?post=62734"},{"taxonomy":"post_tag","embeddable":true,"href":"https:\/\/corrientesdetarde.com\/index.php\/wp-json\/wp\/v2\/tags?post=62734"}],"curies":[{"name":"wp","href":"https:\/\/api.w.org\/{rel}","templated":true}]}}